{"id":914,"date":"2018-06-01T22:44:02","date_gmt":"2018-06-01T20:44:02","guid":{"rendered":"https:\/\/www.sksfrancepresernnis.org.rs\/?p=914"},"modified":"2018-12-26T06:22:33","modified_gmt":"2018-12-26T05:22:33","slug":"lado-leskovar-na-evergreen-festivalu-u-nisu-zivi-u-ljubljani","status":"publish","type":"post","link":"https:\/\/www.sksfrancepresernnis.org.rs\/index.php\/2018\/06\/01\/lado-leskovar-na-evergreen-festivalu-u-nisu-zivi-u-ljubljani\/","title":{"rendered":"Lado Leskovar na Evergreen festivalu u Ni\u0161u"},"content":{"rendered":"<h4>Malo ko, \u010dak i me\u0111u mladima, nije \u010duo za pesmu &#8220;Potra\u017ei me u predgra\u0111u&#8221;, koju je daleke 1964. godine na Opatijskom festivalu otpevao Lado Leskovar. Pevao je ponovo i u Ni\u0161u, na prvom Evergreen festivalu na Letnjoj pozornici, publika je znala sve re\u010di pesme i \u010dinilo se na trenutak da je vreme stalo. Lado Leskovar danas ima 76 godina, \u017eivi u Ljubljani i sa ponosom isti\u010de da je u Srbiji \u017eiveo 17 godina. Ka\u017ee da je tri puta sre\u0107no razveden mu\u0161karac i \u010detvrti put sre\u0107no o\u017eenjen. \u017denio se Ruskinjom, Slovenkom i dva puta Srpkinjama. \u010cetvrta Ladina \u017eena, Verica, poreklom je iz Aleksinca, a Leskovar ka\u017ee da obo\u017eava da do\u0111e u tazbinu.<\/h4>\n<h3><strong>Glumac, peva\u010d, novinar<\/strong><\/h3>\n<p>O uspe\u0161nim, vedrim i duhovitim ljudima je najlak\u0161e pisati, ali je jedan teskt premali da sve zanimljivosti iz tako bogatog \u017eivota u njega stanu.<\/p>\n<p>Lado Leskovar je prvo bio glumac, a prva, prava filmska uloga dogodila mu se kada je imao devet godina i to u jednom od kultnih slovena\u010dkih filmova, u &#8220;Kekecu&#8221;. Iako je poznat po svom rasko\u0161nom baritonu, koji je svojevremeno pohvalio i \u017dilber Beko, Lado je uporedo i celog \u017eivota bio vezan i za pozori\u0161te i film.<\/p>\n<p>Uloga u filmu &#8220;Isidora&#8221; u kome je igrao sa <strong>Vanesom Redgrejv, <\/strong>donela mu je i prijateljstvo i kumstvo sa ovom legendarnom engleskom glumicom.<\/p>\n<p>Dvadeset godina bio je novinar, urednik i komentator na Televiziji Ljubljana, danas je u penziji, ali i dalje aktivan, vitalan i sa mnogim planovima za budu\u0107nost.<\/p>\n<h3><strong>Prvi put u Ni\u0161u na radnoj akciji<\/strong><\/h3>\n<p>U Ni\u0161u je poslednji put bio 2013. godine, kada je obele\u017eeno 17 vekova od dono\u0161enja Milanskog edikta.<\/p>\n<p><strong>&#8220;Zanimljivo je da sam prvi put bio 1960. godine, na radnoj akciji\u00a0 auto- put &#8220;Bratstvo i jedinstvo&#8221;, u naselju Komren. Tako da, kada sam danas kolima do\u0161ao iz Ljubljane, vozio sam se delom puta u \u010dijoj sam izgradnji u\u010destvovao. Kasnije sam \u010desto bio u Ni\u0161u i na Filmskim susretima. Ni\u0161 je lep grad, kao prvo, a drugo, ne uzimajte u obzir moje godine, ali uvek se ka\u017ee &#8220;\u0161to su ovde zgodne devojke&#8221;(smeh). Kod vas je zgodno da se izme\u0161ao Sever i Jug, i iz toga nastaju lepi ljudi. Ja imam dva sina sa Srpkinjama, lepi su na mame, priznajem.<\/strong><\/p>\n<p><iframe loading=\"lazy\" width=\"697\" height=\"523\" src=\"https:\/\/www.youtube.com\/embed\/KpiggHK59uE?feature=oembed\" frameborder=\"0\" allow=\"accelerometer; autoplay; encrypted-media; gyroscope; picture-in-picture\" allowfullscreen><\/iframe><\/p>\n<h3><strong>Poljubi me u se\u0107anju&#8230;<\/strong><\/h3>\n<p>Pesmu &#8220;Potra\u017ei me u predgra\u0111u&#8221; otpevao je prvi put 1964. godine na Opatijskom festivalu i pobedio. Ispostavilo se da je ta pesma postala vanvremenska, a i danas nema genracije koja je ne zna.<\/p>\n<p><strong>&#8220;To je lepo. Pre svega, ta pesma je odli\u010dna i ima divne re\u010di. Drago Britvi\u010d, hrvatski pesnik je napisao tekst, Zdenku Runji\u0107u, kompozitoru je to bio prvi uspeh. Nas dvojica smo isto godi\u0161te (1942.), na\u017ealost, Zdenka ve\u0107 dugo nema me\u0111u nama. Ta pesma je prvobitno bila ponu\u0111ena drugim peva\u010dima, koji su je iz nekog razloga odbili. Meni se iz prve dopao teskt, ritam, melodija i kada sam je dobio rekao sam &#8220;to&#8221;. I eto, pevam je od 1964. godine i jo\u0161 mi nije dosadila, rado je pevam&#8221;, <\/strong>kazao je Leskovar.<\/p>\n<h3><strong>Eurosong je Euroshow<\/strong><\/h3>\n<p>1967. godine\u00a0 Leskovar je bio predstavnik Jugoslavije na Eurosongu, tada se to zvala Pesma Evrovizije i odr\u017eavala se u Be\u010du. Lado je nastupio s pesmom &#8220;<i>Vse ro\u017ee sveta&#8221; \/ Svo cve\u0107e sveta\/<\/i> i bio osmi od 17 u\u010desnika.<\/p>\n<p><strong>&#8220;Tada je Eurosong jo\u0161 bio Eurosong, sada je Euroshow. Drugo, koju vezu sa Evropom ima Australija i Izrael? Skoro svi pevaju na engleskom i to na nekom \u010dudnom engleskom&#8230;ja sam pevao na slovena\u010dkom, pa i\u0161li smo tamo da se poka\u017eemo ko smo, a jezik je jedno od obele\u017eja naroda. Ja govorim engleski jezik odli\u010dno, i italijanski, nema\u010dki i ruski, ali mi je normalno da se tamo peva na maternjem jeziku. Moj jezik je i sprski, ali ok, tamo sam predstavio slovena\u010dku pesmu. Ako ovaj festival Evergreena u Ni\u0161u uspe da postane tradicionalan, bi\u0107u jako zadovoljan, jer je okupio dobre pesme i dobre peva\u010de&#8221;, <\/strong>istakao je.<\/p>\n<div id='gallery-1' class='gallery galleryid-914 gallery-columns-4 gallery-size-full'><figure class='gallery-item'>\n\t\t\t<div class='gallery-icon landscape'>\n\t\t\t\t<a href='https:\/\/www.sksfrancepresernnis.org.rs\/index.php\/2018\/06\/01\/lado-leskovar-na-evergreen-festivalu-u-nisu-zivi-u-ljubljani\/ll1\/'><img width=\"960\" height=\"720\" src=\"https:\/\/www.sksfrancepresernnis.org.rs\/wp-content\/uploads\/2018\/06\/LL1.jpg\" class=\"attachment-full size-full\" alt=\"\" decoding=\"async\" loading=\"lazy\" aria-describedby=\"gallery-1-915\" srcset=\"https:\/\/www.sksfrancepresernnis.org.rs\/wp-content\/uploads\/2018\/06\/LL1.jpg 960w, https:\/\/www.sksfrancepresernnis.org.rs\/wp-content\/uploads\/2018\/06\/LL1-300x225.jpg 300w, https:\/\/www.sksfrancepresernnis.org.rs\/wp-content\/uploads\/2018\/06\/LL1-768x576.jpg 768w, https:\/\/www.sksfrancepresernnis.org.rs\/wp-content\/uploads\/2018\/06\/LL1-640x480.jpg 640w\" sizes=\"(max-width: 960px) 100vw, 960px\" \/><\/a>\n\t\t\t<\/div>\n\t\t\t\t<figcaption class='wp-caption-text gallery-caption' id='gallery-1-915'>\n\t\t\t\tLado Leskovar na Evergreen festivalu u Ni\u0161u, na Letnjoj pozornici\n\t\t\t\t<\/figcaption><\/figure><figure class='gallery-item'>\n\t\t\t<div class='gallery-icon landscape'>\n\t\t\t\t<a href='https:\/\/www.sksfrancepresernnis.org.rs\/index.php\/2018\/06\/01\/lado-leskovar-na-evergreen-festivalu-u-nisu-zivi-u-ljubljani\/ll2\/'><img width=\"960\" height=\"720\" src=\"https:\/\/www.sksfrancepresernnis.org.rs\/wp-content\/uploads\/2018\/06\/LL2.jpg\" class=\"attachment-full size-full\" alt=\"\" decoding=\"async\" loading=\"lazy\" aria-describedby=\"gallery-1-916\" srcset=\"https:\/\/www.sksfrancepresernnis.org.rs\/wp-content\/uploads\/2018\/06\/LL2.jpg 960w, https:\/\/www.sksfrancepresernnis.org.rs\/wp-content\/uploads\/2018\/06\/LL2-300x225.jpg 300w, https:\/\/www.sksfrancepresernnis.org.rs\/wp-content\/uploads\/2018\/06\/LL2-768x576.jpg 768w, https:\/\/www.sksfrancepresernnis.org.rs\/wp-content\/uploads\/2018\/06\/LL2-640x480.jpg 640w\" sizes=\"(max-width: 960px) 100vw, 960px\" \/><\/a>\n\t\t\t<\/div>\n\t\t\t\t<figcaption class='wp-caption-text gallery-caption' id='gallery-1-916'>\n\t\t\t\tFoto: Bane Radulovi\u0107\n\t\t\t\t<\/figcaption><\/figure><figure class='gallery-item'>\n\t\t\t<div class='gallery-icon landscape'>\n\t\t\t\t<a href='https:\/\/www.sksfrancepresernnis.org.rs\/index.php\/2018\/06\/01\/lado-leskovar-na-evergreen-festivalu-u-nisu-zivi-u-ljubljani\/ll3\/'><img width=\"960\" height=\"720\" src=\"https:\/\/www.sksfrancepresernnis.org.rs\/wp-content\/uploads\/2018\/06\/LL3.jpg\" class=\"attachment-full size-full\" alt=\"\" decoding=\"async\" loading=\"lazy\" srcset=\"https:\/\/www.sksfrancepresernnis.org.rs\/wp-content\/uploads\/2018\/06\/LL3.jpg 960w, https:\/\/www.sksfrancepresernnis.org.rs\/wp-content\/uploads\/2018\/06\/LL3-300x225.jpg 300w, https:\/\/www.sksfrancepresernnis.org.rs\/wp-content\/uploads\/2018\/06\/LL3-768x576.jpg 768w, https:\/\/www.sksfrancepresernnis.org.rs\/wp-content\/uploads\/2018\/06\/LL3-640x480.jpg 640w\" sizes=\"(max-width: 960px) 100vw, 960px\" \/><\/a>\n\t\t\t<\/div><\/figure><figure class='gallery-item'>\n\t\t\t<div class='gallery-icon landscape'>\n\t\t\t\t<a href='https:\/\/www.sksfrancepresernnis.org.rs\/index.php\/2018\/06\/01\/lado-leskovar-na-evergreen-festivalu-u-nisu-zivi-u-ljubljani\/ll4\/'><img width=\"960\" height=\"720\" src=\"https:\/\/www.sksfrancepresernnis.org.rs\/wp-content\/uploads\/2018\/06\/LL4.jpg\" class=\"attachment-full size-full\" alt=\"\" decoding=\"async\" loading=\"lazy\" srcset=\"https:\/\/www.sksfrancepresernnis.org.rs\/wp-content\/uploads\/2018\/06\/LL4.jpg 960w, https:\/\/www.sksfrancepresernnis.org.rs\/wp-content\/uploads\/2018\/06\/LL4-300x225.jpg 300w, https:\/\/www.sksfrancepresernnis.org.rs\/wp-content\/uploads\/2018\/06\/LL4-768x576.jpg 768w, https:\/\/www.sksfrancepresernnis.org.rs\/wp-content\/uploads\/2018\/06\/LL4-640x480.jpg 640w\" sizes=\"(max-width: 960px) 100vw, 960px\" \/><\/a>\n\t\t\t<\/div><\/figure>\n\t\t<\/div>\n\n<p>Ina\u010de, prvi Evergreen festival organizovao je orkestar &#8220;Impresija&#8221;, a direktorka festivala, Sne\u017eana Jovanovi\u0107 ka\u017ee da je namera da ovaj festival ve\u0107 slede\u0107e godine postane gradska kulturna manifestacija. Osim Leskovara, nastupili su i Leo Martin, Beti \u0110or\u0111evi\u0107, Nada Pavlovi\u0107, Dragan Nune Nikoli\u0107,\u00a0 Neda Ukraden i mladi Du\u0161an Svilar. Sve izvo\u0111a\u010de pratio je orkestar &#8220;Impresija&#8221;, pod dirigentskom palicom legendarnog kompozitora Vojkana Borisavljevi\u0107a. Letnja pozornica bila je ispunjena do poslednjeg mesta, a ulaz na koncert je bio slobodan.<\/p>\n<p>&nbsp;<\/p>\n<h2><strong>Lado Leskovar na festivalu Evergreen v Ni\u0161u<\/strong><\/h2>\n<p><strong>\u00a0<\/strong>Malokdo, tudi med mladimi, \u0161e ni sli\u0161al za pesem <em>Potra\u017ei me u predgra\u0111u <\/em>(Poi\u0161\u010di me v predmestju), ki jo je Lado Leskovar davnega leta 1964 zapel na Opatijskem festivalu. Ponovno je pel tudi v Ni\u0161u, na prvem festivalu Evergreen na odru<em> Letnje pozornice, <\/em>kjer je publika poznala celotno besedilo pesmi in se je za trenutek zdelo, da se je \u010das ustavil. Lado Leskovar je danes star 76 let, \u017eivi v Ljubljani in s ponosom poudari, da je v Srbiji \u017eivel 17 let. Pravi, da je trikrat sre\u010dno lo\u010den in \u010detrti\u010d sre\u010dno poro\u010den. Poro\u010den je bil z Rusinjo, Slovenko in dvakrat s Srbkinjama. Verica, Ladova \u010detrta \u017eena, prihaja iz Aleksinca, Leskovar pa pravi, da zelo rada obi\u0161\u010de svoje sorodnike.<\/p>\n<p><strong>Igralec, pevec, novinar<\/strong><\/p>\n<p>O uspe\u0161nih, vedrih in duhovitih ljudeh je najla\u017eje pisati, pa vendar je eno samo besedilo prekratko, da bi vanj lahko spravili vse zanimivosti iz tako bogatega \u017eivljenja.<\/p>\n<p>Lado Leskovar je bil najprej igralec, prva prava filmska vloga pa mu je bila dodeljena pri devetih letih, in to v enem kultnih slovenskih filmov, v Kekcu. \u010ceprav je znan po svojem razko\u0161nem baritonu, ki ga je svoj\u010das pohvalil tudi Gilbert B\u00e9caud, je Ladovo \u017eivljenje \u017ee od za\u010detka povezano tudi z gledali\u0161\u010dem in filmom.<\/p>\n<p>Vloga v filmu Isadora, v katerem je igral z Vanesso Redgrave, mu je prinesla prijateljstvo in pokroviteljstvo te legendarne angle\u0161ke igralke.<\/p>\n<p>Dvajset let je bil novinar, urednik in komentator na Televiziji Ljubljana, danes pa je upokojen, vendar \u0161e vedno aktiven, vitalen in z mnogimi na\u010drti za prihodnost.<\/p>\n<p><strong>Prvi\u010d v Ni\u0161u na delovni akciji<\/strong><\/p>\n<p>V Ni\u0161u je bil nazadnje leta 2013 ob obele\u017eitvi 1700. let od izdaje Milanskega edikta.<\/p>\n<p>\u00bbZanimivo je, da sem bil leta 1960 prvi\u010d na delovni akciji, gradnji avtoceste &#8216;Bratstvo in enotnost&#8217;, v naselju Komren. Tako da sem, ko sem danes z avtom pri\u0161el iz Ljubljane, del poti vozil po cesti, pri gradnji katere sem sodeloval. Kasneje sem bil v Ni\u0161u ve\u010dkrat na <em>Filmskih susretih <\/em>(Filmskih sre\u010danjih). Ni\u0161 je lepo mesto, poleg tega pa, ne upo\u0161tevajte mojih let, ampak to je vedno treba povedati: &#8216;Kako so dekleta tukaj lepa!&#8217; (smeh). Tukaj je dobro, da sta se zme\u0161ala sever in jug, in tako so nastali lepi ljudje. Jaz imam dva sinova s Srbkinjama, lepa sta po materah, priznam.\u00ab<\/p>\n<p><strong><em>Poljubi me u se\u0107anju\u2026 <\/em>(Poljubi me v spominih \u2026)<\/strong><\/p>\n<p>Pesem <em>Potra\u017ei me u predgra\u0111u <\/em>(Poi\u0161\u010di me v predmestju) je prvi\u010d zapel leta 1964 na Opatijskem festivalu in zmagal.<\/p>\n<p>\u00bbTo je lepo. Najprej, ta pesem je odli\u010dna in ima prelepo besedilo. Napisal ga je Drago Britvi\u010d, hrva\u0161ki pesnik, za skladatelja Zdenka Runji\u0107a pa je bil to prvi uspeh. Midva sva rojena istega leta (1942), vendar Zdenka \u017eal \u017ee dolgo ni ve\u010d med nami. To pesem so prvotno ponudili drugim izvajalcem, ki pa so jo iz nekega razloga zavrnili. Meni so bili takoj v\u0161e\u010d besedilo, ritem, melodija, in ko sem jo dobil, sem rekel: &#8216;To!&#8217; Tako jo pojem \u017ee od leta 1964 in \u0161e vedno se je nisem naveli\u010dal, rad jo pojem,\u00ab je povedal Lado Leskovar.<\/p>\n<p><strong>Eurosong je Euroshow<\/strong><\/p>\n<p>Lado Leskovar je leta 1967 nastopil na Eurosongu, prireditev se je takrat imenovala Pesem Evrovizije in se odvijala v Be\u010du,\u00a0 kjer je predstavljal Jugoslavijo. Nastopil je s pesmijo Vse ro\u017ee sveta, kon\u010dal pa kot osmi od sedemnajstih tekmovalcev.<\/p>\n<p>\u00bbTakrat je bil Eurosong \u0161e Eurosong, sedaj je Euroshow. Poleg tega pa: kak\u0161no zvezo z Evropo imata Avstralija in Izrael? Skoraj vsi pojejo v angle\u0161\u010dini, in to v neki \u010dudni angle\u0161\u010dini \u2026 jaz sem pel v sloven\u0161\u010dini, tam smo \u0161li zato, da poka\u017eemo, kdo smo, in jezik je eden od simbolov naroda. Sam sicer govorim odli\u010dno angle\u0161ko, prav tako italijansko, nem\u0161ko in rusko, ampak zdi se mi normalno, da se tam poje v maternem jeziku. Moj jezik je tudi srbski, ampak v redu, tam sem predstavil slovensko pesem. \u010ce bi temu festivalu Evergreena v Ni\u0161u uspelo, da bi postal tradicionalen, bi bil zelo zadovoljen, saj mu je uspelo zbrati dobre pesmi in dobre pevce,\u00ab je poudaril.<\/p>\n<p>Prvi festival Evergreen je sicer nastal v organizaciji orkestra Impresija, direktorica festivala Sne\u017eana Jovanovi\u0107 pa pojasnjuje, da je namen festivala \u017ee naslednje leto postati mestna kulturna manifestacija. Poleg Lada Leskovarja so na njem nastopili \u0161e Leo Martin, Beti \u0110or\u0111evi\u0107, Nada Pavlovi\u0107, Dragan Nune Nikoli\u0107,\u00a0 Neda Ukraden in mladi Du\u0161an Svilar. Vse izvajalce je spremljal orkester Impresija pod dirigentsko palico legendarnega skladatelja Vojkana Borisavljevi\u0107a. <em>Letnja pozornica<\/em> je bila napolnjena do zadnjega koti\u010dka, vstop na koncert pa je bil prost.<\/p>\n<p><strong>Prevod: Nika Sa\u0161ek<\/strong><\/p>\n<p>&nbsp;<\/p>\n","protected":false},"excerpt":{"rendered":"<p>Malo ko, \u010dak i me\u0111u mladima, nije \u010duo za pesmu &#8220;Potra\u017ei me u predgra\u0111u&#8221;, koju je daleke 1964. godine na Opatijskom festivalu otpevao Lado Leskovar. Pevao je ponovo i u Ni\u0161u, na prvom Evergreen festivalu na Letnjoj pozornici, publika je znala sve re\u010di pesme i \u010dinilo se na trenutak da je vreme stalo. Lado Leskovar [&hellip;]<\/p>\n","protected":false},"author":11,"featured_media":919,"comment_status":"closed","ping_status":"open","sticky":false,"template":"","format":"standard","meta":[],"categories":[6],"tags":[138,137,140,64,139],"_links":{"self":[{"href":"https:\/\/www.sksfrancepresernnis.org.rs\/index.php\/wp-json\/wp\/v2\/posts\/914"}],"collection":[{"href":"https:\/\/www.sksfrancepresernnis.org.rs\/index.php\/wp-json\/wp\/v2\/posts"}],"about":[{"href":"https:\/\/www.sksfrancepresernnis.org.rs\/index.php\/wp-json\/wp\/v2\/types\/post"}],"author":[{"embeddable":true,"href":"https:\/\/www.sksfrancepresernnis.org.rs\/index.php\/wp-json\/wp\/v2\/users\/11"}],"replies":[{"embeddable":true,"href":"https:\/\/www.sksfrancepresernnis.org.rs\/index.php\/wp-json\/wp\/v2\/comments?post=914"}],"version-history":[{"count":8,"href":"https:\/\/www.sksfrancepresernnis.org.rs\/index.php\/wp-json\/wp\/v2\/posts\/914\/revisions"}],"predecessor-version":[{"id":1187,"href":"https:\/\/www.sksfrancepresernnis.org.rs\/index.php\/wp-json\/wp\/v2\/posts\/914\/revisions\/1187"}],"wp:featuredmedia":[{"embeddable":true,"href":"https:\/\/www.sksfrancepresernnis.org.rs\/index.php\/wp-json\/wp\/v2\/media\/919"}],"wp:attachment":[{"href":"https:\/\/www.sksfrancepresernnis.org.rs\/index.php\/wp-json\/wp\/v2\/media?parent=914"}],"wp:term":[{"taxonomy":"category","embeddable":true,"href":"https:\/\/www.sksfrancepresernnis.org.rs\/index.php\/wp-json\/wp\/v2\/categories?post=914"},{"taxonomy":"post_tag","embeddable":true,"href":"https:\/\/www.sksfrancepresernnis.org.rs\/index.php\/wp-json\/wp\/v2\/tags?post=914"}],"curies":[{"name":"wp","href":"https:\/\/api.w.org\/{rel}","templated":true}]}}