{"id":885,"date":"2018-04-17T11:34:51","date_gmt":"2018-04-17T09:34:51","guid":{"rendered":"https:\/\/www.sksfrancepresernnis.org.rs\/?p=885"},"modified":"2018-04-30T16:37:00","modified_gmt":"2018-04-30T14:37:00","slug":"brali-smo-s-slovenijo-v-srbiji","status":"publish","type":"post","link":"https:\/\/www.sksfrancepresernnis.org.rs\/index.php\/2018\/04\/17\/brali-smo-s-slovenijo-v-srbiji\/","title":{"rendered":"Brali smo s Slovenijo &#8211; v Srbiji"},"content":{"rendered":"<p>U\u010denci dop. pouka sloven\u0161\u010dine iz Ni\u0161a, Kovina, Beograda, Gudurice, Novega Sada in Rume so se pridru\u017eili slovenski No\u010di knjige in se v Dru\u0161tvu Slovencev Emona Ruma tri dni dru\u017eili ob branju slovenskih knjig in v razli\u010dnih delavnicah. \u010castna pokroviteljica sre\u010danja je bila akademska slikarka Majda Zorko Ga\u0161pari\u010d, ki je u\u010dence navdu\u0161evala v treh delavnicah, \u010dastni gost sre\u010danja Beremo s Slovenijo pa je bil izjemni slovenski ustvarjalec Andrej Rozman Roza. Z u\u010denci se je pogovarjal, izvedel literarno-gledali\u0161ko delavnico in\u00a0nepozaben nastop.<\/p>\n<p>Projekt sta podprla Urad za Slovence v zamejstvu in po svetu ter Bralna zna\u010dka Slovenije.<\/p>\n<p>U\u010dence je obiskalo ve\u010d novinarjev. Med njimi tudi dopisnik RTV SLO Bo\u0161tjan An\u017ein:\u00a0<a href=\"https:\/\/www.youtube.com\/watch?v=1KkaXyTZcbg\" target=\"_blank\" rel=\"noopener\" data-saferedirecturl=\"https:\/\/www.google.com\/url?hl=en-GB&amp;q=https:\/\/www.youtube.com\/watch?v%3D1KkaXyTZcbg&amp;source=gmail&amp;ust=1524043949429000&amp;usg=AFQjCNG4P_TYG9KvgIL-kMcTkKg39hWWaQ\">https:\/\/www.youtube.<wbr \/>com\/watch?v=1KkaXyTZcbg<\/a><\/p>\n<p>Knjige so hrana za misli in omogo\u010dajo domi\u0161ljiji, da se razvija. Vuk, Ruma<\/p>\n<p>Vsaka knjiga je nova avantura. Andrej, Beograd<\/p>\n<p>Najbolj mi je bila v\u0161e\u010d delavnica, v kateri smo slikali na steno in ustvarili mural. Matej, Novi Sad<\/p>\n<p>Vse mi je bilo v\u0161e\u010d. Anja, Gudurica<\/p>\n<p>A obljubite, da se vidimo naslednje leto? Nikola, Kovin<\/p>\n<p>Najbolj mi je bilo v\u0161e\u010d, ko sem brala ku\u017eku. Mahal je z repom. Lana, Ni\u0161<\/p>\n","protected":false},"excerpt":{"rendered":"<p>U\u010denci dop. pouka sloven\u0161\u010dine iz Ni\u0161a, Kovina, Beograda, Gudurice, Novega Sada in Rume so se pridru\u017eili slovenski No\u010di knjige in se v Dru\u0161tvu Slovencev Emona Ruma tri dni dru\u017eili ob branju slovenskih knjig in v razli\u010dnih delavnicah. \u010castna pokroviteljica sre\u010danja je bila akademska slikarka Majda Zorko Ga\u0161pari\u010d, ki je u\u010dence navdu\u0161evala v treh delavnicah, \u010dastni [&hellip;]<\/p>\n","protected":false},"author":10,"featured_media":0,"comment_status":"closed","ping_status":"open","sticky":false,"template":"","format":"standard","meta":[],"categories":[6],"tags":[],"_links":{"self":[{"href":"https:\/\/www.sksfrancepresernnis.org.rs\/index.php\/wp-json\/wp\/v2\/posts\/885"}],"collection":[{"href":"https:\/\/www.sksfrancepresernnis.org.rs\/index.php\/wp-json\/wp\/v2\/posts"}],"about":[{"href":"https:\/\/www.sksfrancepresernnis.org.rs\/index.php\/wp-json\/wp\/v2\/types\/post"}],"author":[{"embeddable":true,"href":"https:\/\/www.sksfrancepresernnis.org.rs\/index.php\/wp-json\/wp\/v2\/users\/10"}],"replies":[{"embeddable":true,"href":"https:\/\/www.sksfrancepresernnis.org.rs\/index.php\/wp-json\/wp\/v2\/comments?post=885"}],"version-history":[{"count":1,"href":"https:\/\/www.sksfrancepresernnis.org.rs\/index.php\/wp-json\/wp\/v2\/posts\/885\/revisions"}],"predecessor-version":[{"id":886,"href":"https:\/\/www.sksfrancepresernnis.org.rs\/index.php\/wp-json\/wp\/v2\/posts\/885\/revisions\/886"}],"wp:attachment":[{"href":"https:\/\/www.sksfrancepresernnis.org.rs\/index.php\/wp-json\/wp\/v2\/media?parent=885"}],"wp:term":[{"taxonomy":"category","embeddable":true,"href":"https:\/\/www.sksfrancepresernnis.org.rs\/index.php\/wp-json\/wp\/v2\/categories?post=885"},{"taxonomy":"post_tag","embeddable":true,"href":"https:\/\/www.sksfrancepresernnis.org.rs\/index.php\/wp-json\/wp\/v2\/tags?post=885"}],"curies":[{"name":"wp","href":"https:\/\/api.w.org\/{rel}","templated":true}]}}