{"id":758,"date":"2017-12-18T16:57:02","date_gmt":"2017-12-18T16:57:02","guid":{"rendered":"https:\/\/www.sksfrancepresernnis.org.rs\/?p=758"},"modified":"2018-04-30T16:37:01","modified_gmt":"2018-04-30T14:37:01","slug":"miklavz-v-nisu","status":"publish","type":"post","link":"https:\/\/www.sksfrancepresernnis.org.rs\/index.php\/2017\/12\/18\/miklavz-v-nisu\/","title":{"rendered":"Miklav\u017e v Ni\u0161u"},"content":{"rendered":"<p><strong>U\u010denci dop. pouka slovenskega jezika v Ni\u0161u so z velikim pri\u010dakovanjem<\/strong><br \/>\n<strong>\u010dakali na sv. Miklav\u017ea. Da bi ga razveselili, so zanj pripravili in odigrali tri<\/strong><br \/>\n<strong>kratke basni.<\/strong><\/p>\n<p>Predstavili so se: Marko, Andriana, Ana, Mila, Katarina, Milan,<br \/>\nMilo\u0161 in Lea. Svetnik je za njih pripravil sladka darila, saj po tradiciji vsako<br \/>\nleto na isti ve\u010der obdari pridne otroke.<\/p>\n<p>Prireditev so si ogledali nekateri<br \/>\nstar\u0161i in \u010dlani dru\u0161tva.<br \/>\n<em>Kukam skozi okence, ali k nam Miklav\u017e \u017ee gre. <\/em><br \/>\n<em>Se kapica njegova k nam premika? <\/em><\/p>\n<p><em>Ne, to je vrh cerkvenega zvonika! <\/em><br \/>\n<em>Njegov nahrbtnik je zdaj to?<\/em><\/p>\n<p><em> Ne, to pred hi\u0161o je drevo! <\/em><br \/>\n<em>V dolgo brado je ves bel\u2026 <\/em><\/p>\n<p><em>Ne, to je stor\u017e poledenel! <\/em><br \/>\n<em>\u0160kornji so njegovi, br\u017e povejte!<\/em><\/p>\n<p><em>Ne, sosedovi so, kar poglejte!\u00a0 <\/em><\/p>\n<p><em>Tam nekdo pomaha mi! <\/em><\/p>\n<p><em><strong>Oj Miklav\u017e, saj to si ti!<\/strong><\/em><\/p>\n<p>&nbsp;<\/p>\n<p>Tatjana Bukvi\u010d<\/p>\n","protected":false},"excerpt":{"rendered":"<p>U\u010denci dop. pouka slovenskega jezika v Ni\u0161u so z velikim pri\u010dakovanjem \u010dakali na sv. Miklav\u017ea. Da bi ga razveselili, so zanj pripravili in odigrali tri kratke basni. Predstavili so se: Marko, Andriana, Ana, Mila, Katarina, Milan, Milo\u0161 in Lea. Svetnik je za njih pripravil sladka darila, saj po tradiciji vsako leto na isti ve\u010der obdari [&hellip;]<\/p>\n","protected":false},"author":10,"featured_media":759,"comment_status":"closed","ping_status":"open","sticky":false,"template":"","format":"standard","meta":[],"categories":[7],"tags":[28,104,96],"_links":{"self":[{"href":"https:\/\/www.sksfrancepresernnis.org.rs\/index.php\/wp-json\/wp\/v2\/posts\/758"}],"collection":[{"href":"https:\/\/www.sksfrancepresernnis.org.rs\/index.php\/wp-json\/wp\/v2\/posts"}],"about":[{"href":"https:\/\/www.sksfrancepresernnis.org.rs\/index.php\/wp-json\/wp\/v2\/types\/post"}],"author":[{"embeddable":true,"href":"https:\/\/www.sksfrancepresernnis.org.rs\/index.php\/wp-json\/wp\/v2\/users\/10"}],"replies":[{"embeddable":true,"href":"https:\/\/www.sksfrancepresernnis.org.rs\/index.php\/wp-json\/wp\/v2\/comments?post=758"}],"version-history":[{"count":2,"href":"https:\/\/www.sksfrancepresernnis.org.rs\/index.php\/wp-json\/wp\/v2\/posts\/758\/revisions"}],"predecessor-version":[{"id":761,"href":"https:\/\/www.sksfrancepresernnis.org.rs\/index.php\/wp-json\/wp\/v2\/posts\/758\/revisions\/761"}],"wp:featuredmedia":[{"embeddable":true,"href":"https:\/\/www.sksfrancepresernnis.org.rs\/index.php\/wp-json\/wp\/v2\/media\/759"}],"wp:attachment":[{"href":"https:\/\/www.sksfrancepresernnis.org.rs\/index.php\/wp-json\/wp\/v2\/media?parent=758"}],"wp:term":[{"taxonomy":"category","embeddable":true,"href":"https:\/\/www.sksfrancepresernnis.org.rs\/index.php\/wp-json\/wp\/v2\/categories?post=758"},{"taxonomy":"post_tag","embeddable":true,"href":"https:\/\/www.sksfrancepresernnis.org.rs\/index.php\/wp-json\/wp\/v2\/tags?post=758"}],"curies":[{"name":"wp","href":"https:\/\/api.w.org\/{rel}","templated":true}]}}