{"id":626,"date":"2017-10-29T16:23:58","date_gmt":"2017-10-29T16:23:58","guid":{"rendered":"https:\/\/www.sksfrancepresernnis.org.rs\/?p=626"},"modified":"2018-04-30T16:37:02","modified_gmt":"2018-04-30T14:37:02","slug":"franc-sasek-prvi-hornista-u-nisu-foto","status":"publish","type":"post","link":"https:\/\/www.sksfrancepresernnis.org.rs\/index.php\/2017\/10\/29\/franc-sasek-prvi-hornista-u-nisu-foto\/","title":{"rendered":"Franc Sa\u0161ek &#8211; prvi hornista u Ni\u0161u (FOTO)"},"content":{"rendered":"<p><strong>Od kada je, sa nepunih 15 godina iz rodne Metlike, oti\u0161ao u Vojnu muzi\u010dku \u0161kolu u Vr\u0161cu, Franc Sa\u0161ek je do svoje smrti \u017eiveo u Srbiji. Tome je doprinela i ljubav sa Milicom To\u0161i\u0107 koju je upoznao u Pirotu, gde je kao mladi vojni muzi\u010dar bio u slu\u017ebi.\u00a0 U Ni\u0161u je bio vojni muzi\u010dar, jedan od osniva\u010da ni\u0161kog Simfonijskog orkestra, profesor na predmetu horna u\u00a0 srednjoj muzi\u010dkoj \u0161koli &#8221; Dr Vojislav Vu\u010dkovi\u0107&#8221;,\u00a0 jedan od Slovenaca koji je ceo svoj \u017eivot, skromno i nenametljivo posvetio kulturi Ni\u0161a. Ovo je njegova \u017eivotna pri\u010da, sastavljena od fragmenata se\u0107anja porodice i\u00a0 malog broja Ni\u0161lija muzi\u010dara koji ga nisu zaboravili. Sahranjen je na ni\u0161kom Novom groblju 26. oktobra 1986. godine.<br \/>\n<\/strong><\/p>\n<p>Franc Sa\u0161ek ro\u0111en je u skromnoj porodici Janeza i Tereze u mestu Metlika u oblasti Bela Krajina u Sloveniji , 16. novembra 1908. godine, kao jedno od petoro dece. Skromni uslovi \u017eivota, ali i talenat za muziku koji se u to vreme ve\u0107 javio, odveli su ga daleko od rodnog doma, u Vr\u0161ac, gde je osnovna Vojna muzi\u010dka \u0161kola 1920. godine.<\/p>\n<p>Prva klasa u\u010denika ove \u0161kole upisana je 1. novembra 1921. godine, a mladi Franc, sa nepunih 15 godina, primljen je u \u0161kolu 1923. godine. Bio je izuzetno marljiv i talentovan, a hornu je izabrao kao instument kome \u0107e posvetiti ceo svoj radni vek. Nakon zavr\u0161etka \u0161kole, po se\u0107anju porodice, nekoliko godina bio je predava\u010d i saradnik u nastavi u Vr\u0161cu, jer u to vreme nije bilo dovoljno muzi\u010dki \u0161kolovanog kadra.<\/p>\n<p>Prvo njegovo slu\u017ebovanje bilo je u Pirotu, koji je u to vreme bio granica prema Bugarskoj. Upravo tu, u Pirotu,\u00a0 upoznaje ljubav svog \u017eivota Milicu To\u0161i\u0107, sa kojom se kasnije \u017eeni i dobija dvoje dece, Nade\u017edu 1932.\u00a0 i Josifa 1934. godine.<\/p>\n<div id='gallery-1' class='gallery galleryid-626 gallery-columns-2 gallery-size-full'><figure class='gallery-item'>\n\t\t\t<div class='gallery-icon landscape'>\n\t\t\t\t<a href='https:\/\/www.sksfrancepresernnis.org.rs\/index.php\/2017\/10\/29\/franc-sasek-prvi-hornista-u-nisu-foto\/metlika\/'><img width=\"720\" height=\"447\" src=\"https:\/\/www.sksfrancepresernnis.org.rs\/wp-content\/uploads\/2017\/10\/Metlika.jpg\" class=\"attachment-full size-full\" alt=\"\" decoding=\"async\" loading=\"lazy\" aria-describedby=\"gallery-1-629\" srcset=\"https:\/\/www.sksfrancepresernnis.org.rs\/wp-content\/uploads\/2017\/10\/Metlika.jpg 720w, https:\/\/www.sksfrancepresernnis.org.rs\/wp-content\/uploads\/2017\/10\/Metlika-300x186.jpg 300w\" sizes=\"(max-width: 720px) 100vw, 720px\" \/><\/a>\n\t\t\t<\/div>\n\t\t\t\t<figcaption class='wp-caption-text gallery-caption' id='gallery-1-629'>\n\t\t\t\tSusret sa roditeljima i bra\u0107om , Metlika 1933. godine\n\t\t\t\t<\/figcaption><\/figure><figure class='gallery-item'>\n\t\t\t<div class='gallery-icon portrait'>\n\t\t\t\t<a href='https:\/\/www.sksfrancepresernnis.org.rs\/index.php\/2017\/10\/29\/franc-sasek-prvi-hornista-u-nisu-foto\/attachment\/1940\/'><img width=\"497\" height=\"720\" src=\"https:\/\/www.sksfrancepresernnis.org.rs\/wp-content\/uploads\/2017\/10\/1940.jpg\" class=\"attachment-full size-full\" alt=\"\" decoding=\"async\" loading=\"lazy\" aria-describedby=\"gallery-1-657\" srcset=\"https:\/\/www.sksfrancepresernnis.org.rs\/wp-content\/uploads\/2017\/10\/1940.jpg 497w, https:\/\/www.sksfrancepresernnis.org.rs\/wp-content\/uploads\/2017\/10\/1940-207x300.jpg 207w\" sizes=\"(max-width: 497px) 100vw, 497px\" \/><\/a>\n\t\t\t<\/div>\n\t\t\t\t<figcaption class='wp-caption-text gallery-caption' id='gallery-1-657'>\n\t\t\t\tNade\u017eda, Milica, Josif i Franc Sa\u0161ek, 1940.\n\t\t\t\t<\/figcaption><\/figure>\n\t\t<\/div>\n\n<p>Bio je sportista, fudbaler,\u00a0 igrao je fudbal na me\u0111unarodnoj utakmici u Sofiji u kojoj su snage odmeravali\u00a0 jugoslovenski i bugarski vojnici. Bezbri\u017eno vreme posve\u0107eno ljubavi, porodici i radu u Vojnom orkestru koji je tada nastupao \u0161irom Srbije, prekida rat, 1941. godine.<\/p>\n<figure id=\"attachment_630\" class=\"thumbnail wp-caption aligncenter\" style=\"width: 730px\"><img decoding=\"async\" loading=\"lazy\" class=\"wp-image-630 size-full\" src=\"https:\/\/www.sksfrancepresernnis.org.rs\/wp-content\/uploads\/2017\/10\/Koncert-u-Vrnja\u010dkoj-Banji-1931.jpg\" alt=\"\" width=\"720\" height=\"448\" srcset=\"https:\/\/www.sksfrancepresernnis.org.rs\/wp-content\/uploads\/2017\/10\/Koncert-u-Vrnja\u010dkoj-Banji-1931.jpg 720w, https:\/\/www.sksfrancepresernnis.org.rs\/wp-content\/uploads\/2017\/10\/Koncert-u-Vrnja\u010dkoj-Banji-1931-300x187.jpg 300w\" sizes=\"(max-width: 720px) 100vw, 720px\" \/><figcaption class=\"caption wp-caption-text\">Koncert u Vrnja\u010dkoj Banji, 1931. godine<\/figcaption><\/figure>\n<p>Zajedno sa svojim kolegama vojnicima, tada Kraljevine Jugoslavije, Franc Sa\u0161ek zarobljen je 10. aprila 1941. godine u Babu\u0161nici od strane nema\u010dko- italijanske vojske i deportovan u Poljsku.\u00a0 Njegov zarobljeni\u010dki broj bio je 61648, a nalazio se u logoru Stalag 9 C, radio je na imanju kod nema\u010dkih seljaka kao zarobljenik, a kraj rata i oslobo\u0111enje zatekao ga je kao tuma\u010da u bolnici, jer je te\u010dno, osim slovena\u010dkog, govorio i nema\u010dki i srpski jezik. Prema podacima Crvenog krsta Jugoslavije, oslobo\u0111en je 15. aprila 1945. godine, nakon pune \u010detiri godine zarobljeni\u0161tva.<\/p>\n<div id='gallery-2' class='gallery galleryid-626 gallery-columns-3 gallery-size-full'><figure class='gallery-item'>\n\t\t\t<div class='gallery-icon landscape'>\n\t\t\t\t<a href='https:\/\/www.sksfrancepresernnis.org.rs\/index.php\/2017\/10\/29\/franc-sasek-prvi-hornista-u-nisu-foto\/saveznici\/'><img width=\"1155\" height=\"763\" src=\"https:\/\/www.sksfrancepresernnis.org.rs\/wp-content\/uploads\/2017\/10\/saveznici.jpg\" class=\"attachment-full size-full\" alt=\"\" decoding=\"async\" loading=\"lazy\" aria-describedby=\"gallery-2-631\" srcset=\"https:\/\/www.sksfrancepresernnis.org.rs\/wp-content\/uploads\/2017\/10\/saveznici.jpg 1155w, https:\/\/www.sksfrancepresernnis.org.rs\/wp-content\/uploads\/2017\/10\/saveznici-300x198.jpg 300w, https:\/\/www.sksfrancepresernnis.org.rs\/wp-content\/uploads\/2017\/10\/saveznici-768x507.jpg 768w, https:\/\/www.sksfrancepresernnis.org.rs\/wp-content\/uploads\/2017\/10\/saveznici-1024x676.jpg 1024w\" sizes=\"(max-width: 1155px) 100vw, 1155px\" \/><\/a>\n\t\t\t<\/div>\n\t\t\t\t<figcaption class='wp-caption-text gallery-caption' id='gallery-2-631'>\n\t\t\t\tFranc Sa\u0161ek (tre\u0107i s leva) sa savezni\u010dkim zarobljenicima u Dizeldorfu u Nema\u010dkoj\n\t\t\t\t<\/figcaption><\/figure><figure class='gallery-item'>\n\t\t\t<div class='gallery-icon landscape'>\n\t\t\t\t<a href='https:\/\/www.sksfrancepresernnis.org.rs\/index.php\/2017\/10\/29\/franc-sasek-prvi-hornista-u-nisu-foto\/bolnica\/'><img width=\"668\" height=\"559\" src=\"https:\/\/www.sksfrancepresernnis.org.rs\/wp-content\/uploads\/2017\/10\/bolnica.jpg\" class=\"attachment-full size-full\" alt=\"\" decoding=\"async\" loading=\"lazy\" aria-describedby=\"gallery-2-632\" srcset=\"https:\/\/www.sksfrancepresernnis.org.rs\/wp-content\/uploads\/2017\/10\/bolnica.jpg 668w, https:\/\/www.sksfrancepresernnis.org.rs\/wp-content\/uploads\/2017\/10\/bolnica-300x251.jpg 300w\" sizes=\"(max-width: 668px) 100vw, 668px\" \/><\/a>\n\t\t\t<\/div>\n\t\t\t\t<figcaption class='wp-caption-text gallery-caption' id='gallery-2-632'>\n\t\t\t\tU francuskoj bolnici kao tuma\u010d, 1944. godina (drugi red, 4. s leva)\n\t\t\t\t<\/figcaption><\/figure><figure class='gallery-item'>\n\t\t\t<div class='gallery-icon landscape'>\n\t\t\t\t<a href='https:\/\/www.sksfrancepresernnis.org.rs\/index.php\/2017\/10\/29\/franc-sasek-prvi-hornista-u-nisu-foto\/zarobljenistvo-2\/'><img width=\"720\" height=\"545\" src=\"https:\/\/www.sksfrancepresernnis.org.rs\/wp-content\/uploads\/2017\/10\/zarobljenistvo-2.jpg\" class=\"attachment-full size-full\" alt=\"\" decoding=\"async\" loading=\"lazy\" aria-describedby=\"gallery-2-633\" srcset=\"https:\/\/www.sksfrancepresernnis.org.rs\/wp-content\/uploads\/2017\/10\/zarobljenistvo-2.jpg 720w, https:\/\/www.sksfrancepresernnis.org.rs\/wp-content\/uploads\/2017\/10\/zarobljenistvo-2-300x227.jpg 300w\" sizes=\"(max-width: 720px) 100vw, 720px\" \/><\/a>\n\t\t\t<\/div>\n\t\t\t\t<figcaption class='wp-caption-text gallery-caption' id='gallery-2-633'>\n\t\t\t\tFranc Sa\u0161ek u zarobljeni\u0161tvu\n\t\t\t\t<\/figcaption><\/figure>\n\t\t<\/div>\n\n<p>Nakon povratka u zemlju, Sa\u0161ek se sa porodicom seli u Ni\u0161, a zatim se priklju\u010duje i Vojnom orkestru u Domu vojske JNA, koji je u dolaze\u0107im godinama postao ozbiljan orkestar, a nastupali su na svim va\u017enim vojnim i dr\u017eavnim sve\u010danostima.<\/p>\n<figure id=\"attachment_636\" class=\"thumbnail wp-caption alignnone\" style=\"width: 1951px\"><img decoding=\"async\" loading=\"lazy\" class=\"wp-image-636 size-full\" src=\"https:\/\/www.sksfrancepresernnis.org.rs\/wp-content\/uploads\/2017\/10\/Vojni-orkestar-Nis.jpg\" alt=\"\" width=\"1941\" height=\"1022\" srcset=\"https:\/\/www.sksfrancepresernnis.org.rs\/wp-content\/uploads\/2017\/10\/Vojni-orkestar-Nis.jpg 1941w, https:\/\/www.sksfrancepresernnis.org.rs\/wp-content\/uploads\/2017\/10\/Vojni-orkestar-Nis-300x158.jpg 300w, https:\/\/www.sksfrancepresernnis.org.rs\/wp-content\/uploads\/2017\/10\/Vojni-orkestar-Nis-768x404.jpg 768w, https:\/\/www.sksfrancepresernnis.org.rs\/wp-content\/uploads\/2017\/10\/Vojni-orkestar-Nis-1024x539.jpg 1024w\" sizes=\"(max-width: 1941px) 100vw, 1941px\" \/><figcaption class=\"caption wp-caption-text\">Vojni muzi\u010dari, Ni\u0161 1959. Vlasni\u0161tvo Vojnog orkestra Vojske Srbije tre\u0107i red s desna, sedmi Franc Sa\u0161ek<\/figcaption><\/figure>\n<p>Nekolicina vojnih muzi\u010dara me\u0111u kojima je bio i Sa\u0161ek su, zajedno sa doktorom Ilijom Marinkovi\u0107em inicirali i formiranje ni\u0161kog Simfonijskog orkestra, daleke 1953. godine. Simfonijski orkestar u Ni\u0161u i do dana\u0161njeg dana ostao je jedini takve vrste van Beograda.<\/p>\n<p>Blagoje Ilijevski, flautista i potpukovnik u penziji\u00a0 je u Vojni orkestar u Ni\u0161u do\u0161ao nakon rasformiranja orkestra u Kumanovu, 1969. godine.<\/p>\n<figure id=\"attachment_634\" class=\"thumbnail wp-caption alignleft\" style=\"width: 310px\"><img decoding=\"async\" loading=\"lazy\" class=\"size-medium wp-image-634\" src=\"https:\/\/www.sksfrancepresernnis.org.rs\/wp-content\/uploads\/2017\/10\/ilijevski-300x225.jpg\" alt=\"\" width=\"300\" height=\"225\" srcset=\"https:\/\/www.sksfrancepresernnis.org.rs\/wp-content\/uploads\/2017\/10\/ilijevski-300x225.jpg 300w, https:\/\/www.sksfrancepresernnis.org.rs\/wp-content\/uploads\/2017\/10\/ilijevski-768x576.jpg 768w, https:\/\/www.sksfrancepresernnis.org.rs\/wp-content\/uploads\/2017\/10\/ilijevski-640x480.jpg 640w, https:\/\/www.sksfrancepresernnis.org.rs\/wp-content\/uploads\/2017\/10\/ilijevski.jpg 960w\" sizes=\"(max-width: 300px) 100vw, 300px\" \/><figcaption class=\"caption wp-caption-text\">Blagoje Ilijevski, flautista, potpuovnik u penziji<\/figcaption><\/figure>\n<p><strong>&#8220;Franc Sa\u0161ek je te godine kada sam ja do\u0161ao u Ni\u0161, ve\u0107 bio pred penzijom. Znam da smo mi, tada mladi muzi\u010dari, jako po\u0161tovali nekolicinu starijih, me\u0111u njima i Sa\u0161eka. Svi oni su, a kasnije i mi, bili saradnici ni\u0161kog Simfonijskog orkestra, ili kako su nas zvali, pridru\u017eeni \u010dlanovi. Osim redovnih du\u017enosti, sviranja na vojnim i dr\u017eavnim sve\u010danostima, orkestar koji je u to vreme imao\u00a0 60 muzi\u010dara, izvodio je u ni\u0161kom Simfonijskom orkestru\u00a0 i najslo\u017eenija dela umetni\u010dke, klasi\u010dne muzike sa gostuju\u0107im dirigentima&#8221;,<\/strong> se\u0107anja su Ilijeskog.<\/p>\n<p>Od 1963.\u00a0 do 1969. godine Franc Sa\u0161ek bio je profesor horne u srednjoj muzi\u010dkoj \u0161koli &#8221; Dr Vojsilav Vu\u010dkovi\u0107&#8221; u Ni\u0161u. Do njegovog dolaska, u \u0161koli se nije izu\u010davala horna kao instrument.\u00a0 Prvi u\u010denik bio je Luka Novakovi\u0107.<\/p>\n<p><strong>&#8220;Luka Novakovi\u0107 bio je na\u0161 najbolji u\u010ditelj horne, naravno posle u\u010ditelja, jer nam je Sa\u0161ek bio prvi profesor za ovaj instrument. Novakovi\u0107 je sa svojim u\u010denicima doneo brojne nagrade \u0161koli i sada mogu da ka\u017eem da imamo plejadu dobrih hornista. Trenutno je profesor horne u \u0161koli Evica Radevska&#8221;,<\/strong> kazao je direktor muzi\u010dke \u0161kole Borivoje Mladenovi\u0107 \u0106aba.<\/p>\n<p>Od 1969. godine Franc je bio vojni penzioner, a penzionisan je u \u010dinu kapetana. Dobitnik je medalja za zasluge za narod i vojne zasluge. Odlikovan je i povodom desetogodi\u0161njce i dvadesetogodi\u0161njice od osnivanja JNA.<\/p>\n<p><img decoding=\"async\" loading=\"lazy\" class=\"alignnone wp-image-647 size-full\" src=\"https:\/\/www.sksfrancepresernnis.org.rs\/wp-content\/uploads\/2017\/10\/medalje.jpg\" alt=\"\" width=\"1440\" height=\"703\" srcset=\"https:\/\/www.sksfrancepresernnis.org.rs\/wp-content\/uploads\/2017\/10\/medalje.jpg 1440w, https:\/\/www.sksfrancepresernnis.org.rs\/wp-content\/uploads\/2017\/10\/medalje-300x146.jpg 300w, https:\/\/www.sksfrancepresernnis.org.rs\/wp-content\/uploads\/2017\/10\/medalje-768x375.jpg 768w, https:\/\/www.sksfrancepresernnis.org.rs\/wp-content\/uploads\/2017\/10\/medalje-1024x500.jpg 1024w\" sizes=\"(max-width: 1440px) 100vw, 1440px\" \/><\/p>\n<p>Krajem sedamdesetih i po\u010detkom osamdesetih godina, zajedno sa svojim prvim u\u010denikom, Lukom Novakovi\u0107em, osnovao je Gradski duva\u010dki orkestar u kome je svirao \u010dinele. Orkestar su ve\u0107inom \u010dinili pezionisani vojni muzi\u010dari, a svirali su promendane koncerte u Tvr\u0111avi, nedeljom u 12 sati. Na repertoaru su bile lake note, popularne starogradske pesme i poznata dela svetskih majstora klasike. U ovom orkestru bio je aktivan do kraja svog \u017eivota. Preminuo je u svojoj 78. godini i ostao upam\u0107en po veseloj\u00a0 naravi, dobroti\u00a0 i nadimku &#8220;\u0160e\u0107erko&#8221;, kako su ga zvali mla\u0111i \u010dlanovi Gradskog duva\u010dkog orkestra.<\/p>\n<figure id=\"attachment_643\" class=\"thumbnail wp-caption aligncenter\" style=\"width: 730px\"><img decoding=\"async\" loading=\"lazy\" class=\"wp-image-643 size-full\" src=\"https:\/\/www.sksfrancepresernnis.org.rs\/wp-content\/uploads\/2017\/10\/1939.jpg\" alt=\"\" width=\"720\" height=\"496\" srcset=\"https:\/\/www.sksfrancepresernnis.org.rs\/wp-content\/uploads\/2017\/10\/1939.jpg 720w, https:\/\/www.sksfrancepresernnis.org.rs\/wp-content\/uploads\/2017\/10\/1939-300x207.jpg 300w\" sizes=\"(max-width: 720px) 100vw, 720px\" \/><figcaption class=\"caption wp-caption-text\">Franc Sa\u0161ek (u sredini)<\/figcaption><\/figure>\n<p>&nbsp;<\/p>\n<p>Dobri ljudi su sre\u0107a na ovom svetu, s ponosom i ljubavlju posve\u0107eno mom dedi<\/p>\n<p><em>unuka Olivera Sa\u0161ek Radulovi\u0107<\/em><\/p>\n<figure id=\"attachment_750\" class=\"thumbnail wp-caption alignnone\" style=\"width: 1850px\"><img decoding=\"async\" loading=\"lazy\" class=\"wp-image-750 size-full\" src=\"https:\/\/www.sksfrancepresernnis.org.rs\/wp-content\/uploads\/2017\/10\/Koncert-u-Tvr\u0111avi.jpg\" alt=\"\" width=\"1840\" height=\"1232\" srcset=\"https:\/\/www.sksfrancepresernnis.org.rs\/wp-content\/uploads\/2017\/10\/Koncert-u-Tvr\u0111avi.jpg 1840w, https:\/\/www.sksfrancepresernnis.org.rs\/wp-content\/uploads\/2017\/10\/Koncert-u-Tvr\u0111avi-300x201.jpg 300w, https:\/\/www.sksfrancepresernnis.org.rs\/wp-content\/uploads\/2017\/10\/Koncert-u-Tvr\u0111avi-768x514.jpg 768w, https:\/\/www.sksfrancepresernnis.org.rs\/wp-content\/uploads\/2017\/10\/Koncert-u-Tvr\u0111avi-1024x686.jpg 1024w, https:\/\/www.sksfrancepresernnis.org.rs\/wp-content\/uploads\/2017\/10\/Koncert-u-Tvr\u0111avi-330x220.jpg 330w\" sizes=\"(max-width: 1840px) 100vw, 1840px\" \/><figcaption class=\"caption wp-caption-text\">Franc Sa\u0161ek ( stoji, u beloj ko\u0161ulji) Foto: Slavoljub Bajin<\/figcaption><\/figure>\n<h3><strong>Prevod na slovena\u010dki: Nika Sa\u0161ek<\/strong><\/h3>\n<h1><strong>Franc Sa\u0161ek \u2013 prvi hornist v Ni\u0161u<\/strong><\/h1>\n<p><strong>\u00a0<\/strong><strong>Odkar je pri rosnih \u0161tirinajstih letih iz rodne Metlike od\u0161el v Voja\u0161ko glasbeno \u0161olo v Vr\u0161cu, je Franc Sa\u0161ek vse do svoje smrti \u017eivel v Srbiji. K temu je doprinesla tudi ljubezen do Milice Tosi\u0107, ki jo je spoznal v Pirotu, kjer je ta mladi voja\u0161ki glasbenik slu\u017eboval. V Ni\u0161u je bil voja\u0161ki glasbenik, eden od ustanoviteljev ni\u0161kega Simfoni\u010dnega orkestra, profesor roga v srednji glasbeni \u0161oli \u00bbDr. Vojislav Vu\u010dkovi\u0107\u00ab in eden od Slovencev, ki je, skromno in nevsiljivo, svoje \u017eivljenje posvetil kulturi Ni\u0161a. To je njegova \u017eivljenjska zgodba, sestavljena iz mozaika spominov njegovih dru\u017einskih \u010dlanov in tistih nekaj ni\u0161kih glasbenikov, ki se ga \u0161e spominjajo. Pokopan je bil 26. oktobra 1986 na ni\u0161kem <em>Novom<\/em> <em>groblju.<\/em><\/strong><\/p>\n<p>Franc Sa\u0161ek je bil rojen 16. novembra 1908 v mestu Metlika, ki le\u017ei v slovenski pokrajini Bela krajina, \u00a0kot eden od petih otrok v skromni dru\u017eini o\u010deta Janeza in matere Tereze. Te\u017eke \u017eivljenjske razmere in nadarjenost za glasbo, ki jo je kazal \u017ee zgodaj, sta ga vodila dale\u010d od doma, v Vr\u0161ac, kjer je bila leta 1920 ustanovljena Voja\u0161ka glasbena \u0161ola.<\/p>\n<p>Prvi razred u\u010dencev je \u0161olo za\u010del obiskovati 1. novembra 1921, mladi Franc pa se je vanjo vpisal pri svojih \u0161e ne petnajstih letih, leta 1923. Bil je izredno delaven in nadarjen, za instrument, ki mu bo kasneje posvetil svoje \u017eivljenjsko delo, pa je izbral rog. Po kon\u010danem \u0161olanju je bil, kot se spominjajo njegovi dru\u017einski \u010dlani, nekaj let predavatelj in sodelavec v \u0161oli v Vr\u0161cu, kjer je tedaj primanjkovalo ustrezno glasbeno izobra\u017eenih u\u010diteljev.<\/p>\n<p>Prvo slu\u017ebo je nastopil v Pirotu, ki je v tistem \u010dasu stal na meji z Bolgarijo. Prav v tem mestu je spoznal Milico To\u0161i\u0107, ljubezen njegovega \u017eivljenja, s katero se je kasneje poro\u010dil in imel dva otroka, leta 1923 rojeno Nade\u017edo in leta 1934 rojenega Josifa.<\/p>\n<p>Bil je \u0161portnik, nogometa\u0161, igral je na mednarodni nogometni tekmi v Sofiji, v kateri so mo\u010di pomerili jugoslovanski in bolgarski vojaki. \u010cas brezskrbnosti, posve\u010den ljubezni, dru\u017eini in delu v voja\u0161kem orkestru, ki je v tistem \u010dasu nastopal \u0161irom Srbije, je leta 1941 prekinila vojna.<\/p>\n<p>10. aprila 1941 je nem\u0161ko-italijanska vojska v Babu\u0161nici ujela in na Poljsko deportirala nekaj vojakov tedanje Kraljevine Jugoslavije. Med njimi je bil tudi Franc Sa\u0161ek. Njegova ujetni\u0161ka \u0161tevilka je bila 61648, odpeljali pa so ga v tabori\u0161\u010de Stalag 9 C, kjer je kot ujetnik delal na posestvu nem\u0161kih kmetov. Konec vojne in osvoboditev sta ga postavila v vlogo tolma\u010da v bolni\u0161nici, saj je poleg slovenskega teko\u010de govoril tudi srbski in nem\u0161ki jezik. Po podatkih Rde\u010dega kri\u017ea Jugoslavije je bil osvobojen 15. aprila 1945, po polnih \u0161tirih letih ujetni\u0161tva.<\/p>\n<p>Po vrnitvi v Srbijo se je Sa\u0161ek z dru\u017eino preselil v Ni\u0161, kjer se je pridru\u017eil Voja\u0161kemu orkestru v Domu vojske JNA. Ta je v letih, ki so sledila, postajal vedno ve\u010dji in je nastopal na vseh pomembnih voja\u0161kih in dr\u017eavnih sve\u010danostih.<\/p>\n<p>Nekaj voja\u0161kih glasbenikov, med katerimi je bil tudi Sa\u0161ek, je davnega leta 1953 skupaj z doktorjem Ilijo Marinkovi\u0107em dalo pobudo za ustanovitev ni\u0161kega Simfoni\u010dnega orkestra, ki je vse do danes ostal edinstven, saj je edini tak\u0161ne vrste izven Beograda.<\/p>\n<p>Blagoje Ilijevski, flavtist in upokojeni podpolkovnik, se je Voja\u0161kemu orkestru v Ni\u0161u pridru\u017eil leta 1969, po razpustitvi orkestra v Kumanovu.<\/p>\n<p>\u00bbFranc Sa\u0161ek je bil v letu, ko sem pri\u0161el v Ni\u0161, \u017ee pred upokojitvijo. Spominjam se, da smo mi, takrat mladi glasbeniki, zelo spo\u0161tovali mnoge starej\u0161e, med njimi tudi Sa\u0161ka. Vsi so bili, kot tudi mi kasneje, sodelavci ni\u0161kega Simfoni\u010dnega orkestra, oziroma \u2013 kakor so nas imenovali \u2013 pridru\u017eeni \u010dlani. Poleg rednih dol\u017enosti, igranja na pomembnih voja\u0161kih in dr\u017eavnih prireditvah, je orkester, ki je imel v tem \u010dasu \u0161estdeset \u010dlanov, pod taktirko gostujo\u010dih dirigentov izvajal tudi najbolj zapletena dela umetni\u0161ke klasi\u010dne glasbe,\u00ab se je v preteklost ozrl Ilijevski.<\/p>\n<p>Med leti 1963 in 1969 je bil Franc Sa\u0161ek profesor roga v srednji glasbeni \u0161oli \u00bbDr. Vojislav Vu\u010dkovi\u0107\u00ab v Ni\u0161u. Do njegovega prihoda na \u0161oli niso pou\u010devali tega glasbila, prvi u\u010denec pa je bil Luka Novakovi\u0107.<\/p>\n<p>\u00bbLuka Novakovi\u0107 je bil na\u0161 najbolj\u0161i u\u010ditelj roga, seveda takoj za svojim u\u010diteljem, saj je bil Sa\u0161ek prvi profesor tega instrumenta. Pod okriljem Novakovi\u0107a so u\u010denci \u0161oli prislu\u017eili mnoge nagrade in lahko re\u010dem, da imamo zdaj vrsto dobrih hornistov. Novakovi\u010d trenutno pou\u010duje v \u0161oli Evica Radevska,\u00ab je povedal direktor glasbene \u0161ole Borivoje Mladenovi\u0107 \u0106aba.<\/p>\n<p>Od leta 1969 je bil Franc voja\u0161ko upokojen; upokojil se je s \u010dinom stotnika. Bil je dobitnik medalj za narodne in voja\u0161ke zasluge, odlikovan pa je bil tudi ob praznovanju desetletnice in dvajsetletnice ustanovitve JNA.<\/p>\n<p>Ob koncu sedemdesetih in v za\u010detku osemdesetih let je skupaj s svojim prvim u\u010dencem, Luko Novakovi\u0107em, ustanovil Mestni pihalni orkester, v katerem je igral \u010dinele. \u010clani orkestra so bili ve\u010dinoma upokojeni voja\u0161ki glasbeniki, koncertirali pa so v <em>Tvr\u0111avi<\/em>, vsako nedeljo ob dvanajstih. Na njihovem repertoarju so se zna\u0161le lahkotne skladbe, priljubljene jugoslovanske <em>starogradske<\/em> pesmi in znana dela svetovnih mojstrov klasi\u010dne glasbe. Sa\u0161ek je bil v orkestru aktiven do konca svojega \u017eivljenja. Umrl je v 78. letu starosti, spominjajo pa se ga po veselem zna\u010daju, dobroti in nadimku \u00bb<em>\u0160e\u0107erko<\/em>\u00ab (\u00bbCukr\u010dek\u00ab, \u00bbSladkor\u010dek\u00ab), ki so mu ga nadeli mlaj\u0161i \u010dlani Mestnega pihalnega orkestra.<\/p>\n<p>&nbsp;<\/p>\n<p>Dobri ljudje so sre\u010da tega sveta, s ponosom in ljubeznijo posve\u010deno mojemu dedku<\/p>\n<p>vnukinja Olivera Sa\u0161ek Radulovi\u0107<\/p>\n<p>&nbsp;<\/p>\n<p>Pisanje ovog teksta pomogla je Gradska op\u0161tina Medijana.<\/p>\n<p><img decoding=\"async\" loading=\"lazy\" class=\"alignnone wp-image-637 size-full\" src=\"https:\/\/www.sksfrancepresernnis.org.rs\/wp-content\/uploads\/2017\/10\/Untitled.jpg\" alt=\"\" width=\"1375\" height=\"168\" srcset=\"https:\/\/www.sksfrancepresernnis.org.rs\/wp-content\/uploads\/2017\/10\/Untitled.jpg 1375w, https:\/\/www.sksfrancepresernnis.org.rs\/wp-content\/uploads\/2017\/10\/Untitled-300x37.jpg 300w, https:\/\/www.sksfrancepresernnis.org.rs\/wp-content\/uploads\/2017\/10\/Untitled-768x94.jpg 768w, https:\/\/www.sksfrancepresernnis.org.rs\/wp-content\/uploads\/2017\/10\/Untitled-1024x125.jpg 1024w\" sizes=\"(max-width: 1375px) 100vw, 1375px\" \/><\/p>\n","protected":false},"excerpt":{"rendered":"<p>Od kada je, sa nepunih 15 godina iz rodne Metlike, oti\u0161ao u Vojnu muzi\u010dku \u0161kolu u Vr\u0161cu, Franc Sa\u0161ek je do svoje smrti \u017eiveo u Srbiji. Tome je doprinela i ljubav sa Milicom To\u0161i\u0107 koju je upoznao u Pirotu, gde je kao mladi vojni muzi\u010dar bio u slu\u017ebi.\u00a0 U Ni\u0161u je bio vojni muzi\u010dar, jedan [&hellip;]<\/p>\n","protected":false},"author":11,"featured_media":641,"comment_status":"closed","ping_status":"open","sticky":false,"template":"","format":"standard","meta":[],"categories":[51],"tags":[52,65,63,64,62,67,66],"_links":{"self":[{"href":"https:\/\/www.sksfrancepresernnis.org.rs\/index.php\/wp-json\/wp\/v2\/posts\/626"}],"collection":[{"href":"https:\/\/www.sksfrancepresernnis.org.rs\/index.php\/wp-json\/wp\/v2\/posts"}],"about":[{"href":"https:\/\/www.sksfrancepresernnis.org.rs\/index.php\/wp-json\/wp\/v2\/types\/post"}],"author":[{"embeddable":true,"href":"https:\/\/www.sksfrancepresernnis.org.rs\/index.php\/wp-json\/wp\/v2\/users\/11"}],"replies":[{"embeddable":true,"href":"https:\/\/www.sksfrancepresernnis.org.rs\/index.php\/wp-json\/wp\/v2\/comments?post=626"}],"version-history":[{"count":25,"href":"https:\/\/www.sksfrancepresernnis.org.rs\/index.php\/wp-json\/wp\/v2\/posts\/626\/revisions"}],"predecessor-version":[{"id":751,"href":"https:\/\/www.sksfrancepresernnis.org.rs\/index.php\/wp-json\/wp\/v2\/posts\/626\/revisions\/751"}],"wp:featuredmedia":[{"embeddable":true,"href":"https:\/\/www.sksfrancepresernnis.org.rs\/index.php\/wp-json\/wp\/v2\/media\/641"}],"wp:attachment":[{"href":"https:\/\/www.sksfrancepresernnis.org.rs\/index.php\/wp-json\/wp\/v2\/media?parent=626"}],"wp:term":[{"taxonomy":"category","embeddable":true,"href":"https:\/\/www.sksfrancepresernnis.org.rs\/index.php\/wp-json\/wp\/v2\/categories?post=626"},{"taxonomy":"post_tag","embeddable":true,"href":"https:\/\/www.sksfrancepresernnis.org.rs\/index.php\/wp-json\/wp\/v2\/tags?post=626"}],"curies":[{"name":"wp","href":"https:\/\/api.w.org\/{rel}","templated":true}]}}