{"id":469,"date":"2017-06-28T20:20:13","date_gmt":"2017-06-28T20:20:13","guid":{"rendered":"https:\/\/www.sksfrancepresernnis.org.rs\/?p=469"},"modified":"2018-04-30T16:37:30","modified_gmt":"2018-04-30T14:37:30","slug":"obelezen-dan-drzavnosti-i-dan-vojske-slovenije-foto","status":"publish","type":"post","link":"https:\/\/www.sksfrancepresernnis.org.rs\/index.php\/2017\/06\/28\/obelezen-dan-drzavnosti-i-dan-vojske-slovenije-foto\/","title":{"rendered":"Obele\u017een Dan dr\u017eavnosti i Dan vojske Slovenije (FOTO)"},"content":{"rendered":"<h4><em>U hotelu Metropol Palace u Beogradu, u sve\u010danoj atmosferi i prisustvo mnogobrojnih zvanica iz javnog i politi\u010dkog \u017eivota Srbije, obele\u017eena je 26. godi\u0161njica od sticanja nezavisnosti Republike Slovenije, kao i Dan slovena\u010dke vojske. Prisutne je pozdravio NJ.E. Vladimir Gaspari\u010d, ambasador Slovenije u Srbiji sa suprugom Majdom, kao i vojni ata\u0161e pukovnik Damjana Jurkovi\u010d. Ovoj sve\u010danosti prisustvovala je i delegacija SKS \u201eFrance Pre\u0161eren\u201c.<\/em><\/h4>\n<p>Dug\u00a0 je bio spisak zvanica kojima su dobrodo\u0161licu po\u017eeleli NJ.E. Vladimir Gaspari\u010d, njegova supruga Majda Zorko Gaspari\u010d i vojni ata\u0161e pukovnik Damjana Jurkovi\u010d.<\/p>\n<p>Ambasador Slovenije u Srbiji je goste do\u010dekao u slovena\u010dkoj narodnoj no\u0161nji, a veselu atmosferu upotpunili su zvuci slovena\u010dkih narodnih pesama koje je izveo orkestar\u00a0 Dru\u0161tva \u201eKredarica\u201c iz Novog Sada, najstarijeg slovena\u010dkog dru\u0161tva u Srbiji.<\/p>\n<div id='gallery-1' class='gallery galleryid-469 gallery-columns-3 gallery-size-full'><figure class='gallery-item'>\n\t\t\t<div class='gallery-icon landscape'>\n\t\t\t\t<a href='https:\/\/www.sksfrancepresernnis.org.rs\/index.php\/2017\/06\/28\/obelezen-dan-drzavnosti-i-dan-vojske-slovenije-foto\/ambasador\/'><img width=\"960\" height=\"720\" src=\"https:\/\/www.sksfrancepresernnis.org.rs\/wp-content\/uploads\/2017\/06\/ambasador.jpg\" class=\"attachment-full size-full\" alt=\"\" decoding=\"async\" loading=\"lazy\" aria-describedby=\"gallery-1-470\" srcset=\"https:\/\/www.sksfrancepresernnis.org.rs\/wp-content\/uploads\/2017\/06\/ambasador.jpg 960w, https:\/\/www.sksfrancepresernnis.org.rs\/wp-content\/uploads\/2017\/06\/ambasador-300x225.jpg 300w, https:\/\/www.sksfrancepresernnis.org.rs\/wp-content\/uploads\/2017\/06\/ambasador-768x576.jpg 768w, https:\/\/www.sksfrancepresernnis.org.rs\/wp-content\/uploads\/2017\/06\/ambasador-640x480.jpg 640w\" sizes=\"(max-width: 960px) 100vw, 960px\" \/><\/a>\n\t\t\t<\/div>\n\t\t\t\t<figcaption class='wp-caption-text gallery-caption' id='gallery-1-470'>\n\t\t\t\tNJ.E. Vladimir Gaspari\u010d\n\t\t\t\t<\/figcaption><\/figure><figure class='gallery-item'>\n\t\t\t<div class='gallery-icon landscape'>\n\t\t\t\t<a href='https:\/\/www.sksfrancepresernnis.org.rs\/index.php\/2017\/06\/28\/obelezen-dan-drzavnosti-i-dan-vojske-slovenije-foto\/pukovnik\/'><img width=\"960\" height=\"720\" src=\"https:\/\/www.sksfrancepresernnis.org.rs\/wp-content\/uploads\/2017\/06\/pukovnik.jpg\" class=\"attachment-full size-full\" alt=\"\" decoding=\"async\" loading=\"lazy\" aria-describedby=\"gallery-1-471\" srcset=\"https:\/\/www.sksfrancepresernnis.org.rs\/wp-content\/uploads\/2017\/06\/pukovnik.jpg 960w, https:\/\/www.sksfrancepresernnis.org.rs\/wp-content\/uploads\/2017\/06\/pukovnik-300x225.jpg 300w, https:\/\/www.sksfrancepresernnis.org.rs\/wp-content\/uploads\/2017\/06\/pukovnik-768x576.jpg 768w, https:\/\/www.sksfrancepresernnis.org.rs\/wp-content\/uploads\/2017\/06\/pukovnik-640x480.jpg 640w\" sizes=\"(max-width: 960px) 100vw, 960px\" \/><\/a>\n\t\t\t<\/div>\n\t\t\t\t<figcaption class='wp-caption-text gallery-caption' id='gallery-1-471'>\n\t\t\t\tpuk.Damjana Jurkovi\u010d, Mateja Nor\u010di\u0107\n\t\t\t\t<\/figcaption><\/figure><figure class='gallery-item'>\n\t\t\t<div class='gallery-icon landscape'>\n\t\t\t\t<a href='https:\/\/www.sksfrancepresernnis.org.rs\/index.php\/2017\/06\/28\/obelezen-dan-drzavnosti-i-dan-vojske-slovenije-foto\/kredarica\/'><img width=\"960\" height=\"720\" src=\"https:\/\/www.sksfrancepresernnis.org.rs\/wp-content\/uploads\/2017\/06\/kredarica.jpg\" class=\"attachment-full size-full\" alt=\"\" decoding=\"async\" loading=\"lazy\" aria-describedby=\"gallery-1-472\" srcset=\"https:\/\/www.sksfrancepresernnis.org.rs\/wp-content\/uploads\/2017\/06\/kredarica.jpg 960w, https:\/\/www.sksfrancepresernnis.org.rs\/wp-content\/uploads\/2017\/06\/kredarica-300x225.jpg 300w, https:\/\/www.sksfrancepresernnis.org.rs\/wp-content\/uploads\/2017\/06\/kredarica-768x576.jpg 768w, https:\/\/www.sksfrancepresernnis.org.rs\/wp-content\/uploads\/2017\/06\/kredarica-640x480.jpg 640w\" sizes=\"(max-width: 960px) 100vw, 960px\" \/><\/a>\n\t\t\t<\/div>\n\t\t\t\t<figcaption class='wp-caption-text gallery-caption' id='gallery-1-472'>\n\t\t\t\t&#8220;Kredarica&#8221;\n\t\t\t\t<\/figcaption><\/figure>\n\t\t<\/div>\n\n<p>Predsednik SKS \u201eFrance Pre\u0161eren\u201c, Ivica Gruden, i NJ.E. Vladimir Gaspari\u010d srda\u010dno su se pozdravili, a usledilo je i spontano skidanje \u0161e\u0161ira.<\/p>\n<figure id=\"attachment_474\" class=\"thumbnail wp-caption alignnone\" style=\"width: 970px\"><img decoding=\"async\" loading=\"lazy\" class=\"wp-image-474 size-full\" src=\"https:\/\/www.sksfrancepresernnis.org.rs\/wp-content\/uploads\/2017\/06\/gruuden-2.jpg\" alt=\"\" width=\"960\" height=\"720\" srcset=\"https:\/\/www.sksfrancepresernnis.org.rs\/wp-content\/uploads\/2017\/06\/gruuden-2.jpg 960w, https:\/\/www.sksfrancepresernnis.org.rs\/wp-content\/uploads\/2017\/06\/gruuden-2-300x225.jpg 300w, https:\/\/www.sksfrancepresernnis.org.rs\/wp-content\/uploads\/2017\/06\/gruuden-2-768x576.jpg 768w, https:\/\/www.sksfrancepresernnis.org.rs\/wp-content\/uploads\/2017\/06\/gruuden-2-640x480.jpg 640w\" sizes=\"(max-width: 960px) 100vw, 960px\" \/><figcaption class=\"caption wp-caption-text\">Vladimir i Majda Gaspari\u010d, Ivica Gruden<\/figcaption><\/figure>\n<p>U pozdravnoj re\u010di, NJ.E. Vladimir Gaspari\u010d istakao je da je pro\u0161lo 26 godina od kada su Slovenci odlu\u010dili da izgrade sopstvenu dr\u017eavu, soptvenim snagama.<\/p>\n<p><strong>\u201eDrago mi je zajedno mo\u017eemo to proslaviti. Slovenija je danas moderna, demokratska zemlja\u00a0 sa zdravom i pouzdanom ekonomijom, \u010dlanica EU i NATO. Cilj je da se s time nastavi. Slovenija \u017eeli dobre susedske odnose, a posebno nam je stalo da zadr\u017eimo i \u00a0razvijamo dobre odnose sa Srbijom. Sara\u0111ujemo dobro, a to je potvrdio i poslednji sastanak predsednika Pahora i Vu\u010di\u0107a, pro\u0161log petka u Beogradu,\u00a0 kada su jedan drugog\u00a0 nazvali \u201epredsedni\u010de, prijatelju moj\u201c,<\/strong> kazao je Gaspari\u010d.<\/p>\n<p>On je iskoristio priliku i da se zahvali Srbiji na gostoprimstvu u ime svih Slovenaca koji \u017eive i rade u Srbiji.<\/p>\n<p>26. juni je bio i dan kada je prva generacija slovena\u010dkih regruta po\u010dela sa slu\u017eenjem vojnog roka, pa se ovaj dan obele\u017eava i kao Dan vojske Slovenije.<\/p>\n<p>Dosada\u0161nja zamenica ambasadora Slovenije, Mateja Nor\u010di\u010d, napu\u0161ta ambasadu Slovenije i radi\u0107e kao zamenica \u0161efa Misije EU u Beogradu, najavio je Gaspari\u010d, koji je svojoj saradnici, povodom odlaska na novo radno mesto, poklonio knjigu \u201eNa Drini \u0107uprija\u201c, Ive Andri\u0107a.<\/p>\n<p>Ina\u010de, me\u0111u prisutnim zvanicama bili su, izme\u0111u ostalih \u00a0i narodni poslanik Miroslav Lazanski, ministar Vojske Srbije, Zoran \u0110or\u0111evi\u0107, kao i li\u010dnosti iz javnog \u017eivota Srbije, poput novinarke Mire Adanje Polak i peva\u010dice Nede Ukraden.<\/p>\n<div id='gallery-2' class='gallery galleryid-469 gallery-columns-2 gallery-size-full'><figure class='gallery-item'>\n\t\t\t<div class='gallery-icon landscape'>\n\t\t\t\t<a href='https:\/\/www.sksfrancepresernnis.org.rs\/index.php\/2017\/06\/28\/obelezen-dan-drzavnosti-i-dan-vojske-slovenije-foto\/yoran\/'><img width=\"960\" height=\"720\" src=\"https:\/\/www.sksfrancepresernnis.org.rs\/wp-content\/uploads\/2017\/06\/yoran.jpg\" class=\"attachment-full size-full\" alt=\"\" decoding=\"async\" loading=\"lazy\" aria-describedby=\"gallery-2-475\" srcset=\"https:\/\/www.sksfrancepresernnis.org.rs\/wp-content\/uploads\/2017\/06\/yoran.jpg 960w, https:\/\/www.sksfrancepresernnis.org.rs\/wp-content\/uploads\/2017\/06\/yoran-300x225.jpg 300w, https:\/\/www.sksfrancepresernnis.org.rs\/wp-content\/uploads\/2017\/06\/yoran-768x576.jpg 768w, https:\/\/www.sksfrancepresernnis.org.rs\/wp-content\/uploads\/2017\/06\/yoran-640x480.jpg 640w\" sizes=\"(max-width: 960px) 100vw, 960px\" \/><\/a>\n\t\t\t<\/div>\n\t\t\t\t<figcaption class='wp-caption-text gallery-caption' id='gallery-2-475'>\n\t\t\t\tZoran \u0110or\u0111evi\u0107, ministar\n\t\t\t\t<\/figcaption><\/figure><figure class='gallery-item'>\n\t\t\t<div class='gallery-icon landscape'>\n\t\t\t\t<a href='https:\/\/www.sksfrancepresernnis.org.rs\/index.php\/2017\/06\/28\/obelezen-dan-drzavnosti-i-dan-vojske-slovenije-foto\/nas-dve\/'><img width=\"960\" height=\"720\" src=\"https:\/\/www.sksfrancepresernnis.org.rs\/wp-content\/uploads\/2017\/06\/nas-dve.jpg\" class=\"attachment-full size-full\" alt=\"\" decoding=\"async\" loading=\"lazy\" aria-describedby=\"gallery-2-476\" srcset=\"https:\/\/www.sksfrancepresernnis.org.rs\/wp-content\/uploads\/2017\/06\/nas-dve.jpg 960w, https:\/\/www.sksfrancepresernnis.org.rs\/wp-content\/uploads\/2017\/06\/nas-dve-300x225.jpg 300w, https:\/\/www.sksfrancepresernnis.org.rs\/wp-content\/uploads\/2017\/06\/nas-dve-768x576.jpg 768w, https:\/\/www.sksfrancepresernnis.org.rs\/wp-content\/uploads\/2017\/06\/nas-dve-640x480.jpg 640w\" sizes=\"(max-width: 960px) 100vw, 960px\" \/><\/a>\n\t\t\t<\/div>\n\t\t\t\t<figcaption class='wp-caption-text gallery-caption' id='gallery-2-476'>\n\t\t\t\tMarija Naki\u0107 Nikoli\u0107, Vladimir Gaspari\u010d, Olivera Sa\u0161ek Radulovi\u0107\n\t\t\t\t<\/figcaption><\/figure>\n\t\t<\/div>\n\n<p>Osim predsednika SKS \u201e France Pre\u0161eren\u201c, Ivice Grudena, obele\u017eavanju Dana nezavisnosti i Dana vojske Slovenije prisustvovali su i \u010dlanovi ni\u0161kog dru\u0161tva Slovenaca, Marija Naki\u0107 Nikoli\u0107, Martin Amon i Olivera Sa\u0161ek Radulovi\u0107.<\/p>\n<figure id=\"attachment_477\" class=\"thumbnail wp-caption alignnone\" style=\"width: 970px\"><img decoding=\"async\" loading=\"lazy\" class=\"wp-image-477 size-full\" src=\"https:\/\/www.sksfrancepresernnis.org.rs\/wp-content\/uploads\/2017\/06\/ispred-hotela.jpg\" alt=\"\" width=\"960\" height=\"720\" srcset=\"https:\/\/www.sksfrancepresernnis.org.rs\/wp-content\/uploads\/2017\/06\/ispred-hotela.jpg 960w, https:\/\/www.sksfrancepresernnis.org.rs\/wp-content\/uploads\/2017\/06\/ispred-hotela-300x225.jpg 300w, https:\/\/www.sksfrancepresernnis.org.rs\/wp-content\/uploads\/2017\/06\/ispred-hotela-768x576.jpg 768w, https:\/\/www.sksfrancepresernnis.org.rs\/wp-content\/uploads\/2017\/06\/ispred-hotela-640x480.jpg 640w\" sizes=\"(max-width: 960px) 100vw, 960px\" \/><figcaption class=\"caption wp-caption-text\">Marija Naki\u0107 Nikoli\u0107, Martin Amon, Ivica Gruden, Olivera Sa\u0161ek Radulovi\u0107<\/figcaption><\/figure>\n<p>Olivera Sa\u0161ek Radulovi\u0107<\/p>\n<p>&nbsp;<\/p>\n","protected":false},"excerpt":{"rendered":"<p>U hotelu Metropol Palace u Beogradu, u sve\u010danoj atmosferi i prisustvo mnogobrojnih zvanica iz javnog i politi\u010dkog \u017eivota Srbije, obele\u017eena je 26. godi\u0161njica od sticanja nezavisnosti Republike Slovenije, kao i Dan slovena\u010dke vojske. Prisutne je pozdravio NJ.E. Vladimir Gaspari\u010d, ambasador Slovenije u Srbiji sa suprugom Majdom, kao i vojni ata\u0161e pukovnik Damjana Jurkovi\u010d. Ovoj sve\u010danosti [&hellip;]<\/p>\n","protected":false},"author":11,"featured_media":473,"comment_status":"closed","ping_status":"open","sticky":false,"template":"","format":"standard","meta":[],"categories":[6],"tags":[23,22,18,19,21,20],"_links":{"self":[{"href":"https:\/\/www.sksfrancepresernnis.org.rs\/index.php\/wp-json\/wp\/v2\/posts\/469"}],"collection":[{"href":"https:\/\/www.sksfrancepresernnis.org.rs\/index.php\/wp-json\/wp\/v2\/posts"}],"about":[{"href":"https:\/\/www.sksfrancepresernnis.org.rs\/index.php\/wp-json\/wp\/v2\/types\/post"}],"author":[{"embeddable":true,"href":"https:\/\/www.sksfrancepresernnis.org.rs\/index.php\/wp-json\/wp\/v2\/users\/11"}],"replies":[{"embeddable":true,"href":"https:\/\/www.sksfrancepresernnis.org.rs\/index.php\/wp-json\/wp\/v2\/comments?post=469"}],"version-history":[{"count":10,"href":"https:\/\/www.sksfrancepresernnis.org.rs\/index.php\/wp-json\/wp\/v2\/posts\/469\/revisions"}],"predecessor-version":[{"id":487,"href":"https:\/\/www.sksfrancepresernnis.org.rs\/index.php\/wp-json\/wp\/v2\/posts\/469\/revisions\/487"}],"wp:featuredmedia":[{"embeddable":true,"href":"https:\/\/www.sksfrancepresernnis.org.rs\/index.php\/wp-json\/wp\/v2\/media\/473"}],"wp:attachment":[{"href":"https:\/\/www.sksfrancepresernnis.org.rs\/index.php\/wp-json\/wp\/v2\/media?parent=469"}],"wp:term":[{"taxonomy":"category","embeddable":true,"href":"https:\/\/www.sksfrancepresernnis.org.rs\/index.php\/wp-json\/wp\/v2\/categories?post=469"},{"taxonomy":"post_tag","embeddable":true,"href":"https:\/\/www.sksfrancepresernnis.org.rs\/index.php\/wp-json\/wp\/v2\/tags?post=469"}],"curies":[{"name":"wp","href":"https:\/\/api.w.org\/{rel}","templated":true}]}}