{"id":421,"date":"2017-03-31T11:36:23","date_gmt":"2017-03-31T11:36:23","guid":{"rendered":"https:\/\/www.sksfrancepresernnis.org.rs\/?p=421"},"modified":"2018-04-30T16:37:54","modified_gmt":"2018-04-30T14:37:54","slug":"sks-skupstina","status":"publish","type":"post","link":"https:\/\/www.sksfrancepresernnis.org.rs\/index.php\/2017\/03\/31\/sks-skupstina\/","title":{"rendered":"SKS Skup\u0161tina"},"content":{"rendered":"<p>Obave\u0161tavamo Vas da je SKS France Preseren u Ni\u0161u odrzala 11-tu<br \/>\nredovnu godi\u0161nju Skup\u0161tinu 12.3.2017.god. uz prisustvo 64 ljudi, od \u010dega<br \/>\n55 \u010dlanova-delegata sa pravom glasa, i dvoje gostiju,<br \/>\n-Dragane Mihajlovi\u0107,\u0161ef kabineta preds.op\u0161tine Pantelej i<br \/>\n-Novice Simi\u0107a,na\u010delnika uprave op\u0161tine Pantelej<\/p>\n<p>Predlo\u017een i usvojen dnevni red:<\/p>\n<p>1.Pregled i analiza projektnih aktivnosti dru\u0161tva u 2016,god.<br \/>\ni projekata za 2017.god.<br \/>\n2.Finansijski izve\u0161taj za 2016.god.<br \/>\n3.Izve\u0161taj Nadornog odbora<br \/>\n4.Prekomponovanje Upravnog odbora SKS FP<br \/>\n5.Informacija o konzularnom danu<br \/>\n6.Razno<\/p>\n<p>Svi projekti u 2016. god su uspesno realizovani,o cemu je podnet detaljan<br \/>\nfinansijski izve\u0161taj Uradu vlade Republike Slovenije.<br \/>\nPodnete projekte za 2017.god. Urad je zbirno finansirao sa 6.000 Eur,<br \/>\nosim projekta *Ekskurzija ucencev dopol.pouka slovenscine*<\/p>\n<p>Nadzorni odbor je konstatovao pravilno i namensko trosenje sredstava<br \/>\ni pohvalio gosp. Zabara za samostalni projekat pra\u0107enja utro\u0161ka i dohotka sredstava.<\/p>\n<p>Prekomponovan je Upravni odbor SKS FP, tako sto je dvoje \u010dlanova<br \/>\npodnelo ostavke(Marija Burazor i Rade Kosti\u0107), a dvoje razre\u0161eno \u010dlanstva<br \/>\nu UO (Sne\u017eana Kovijanic i Stanislav Gori\u0161ek) velikom ve\u0107inom delegata.<br \/>\nNa predlog predsednika dru\u0161tva, njih je zamenilo \u010detvoro novih clanova UO<br \/>\n(Martin Amon, Izabela Golubovic, Marko Levec i Olivera Sasek-Radulovic)<br \/>\njednoglasnom odlukom, i koji sada uz Branka Volfa, Ljubi\u0161u \u017dabara i preds. Ivicu Grudena \u010dine kompletan-novi Upravni odbor SKS*France Pre\u0161eren* Ni\u0161.<\/p>\n","protected":false},"excerpt":{"rendered":"<p>Obave\u0161tavamo Vas da je SKS France Preseren u Ni\u0161u odrzala 11-tu redovnu godi\u0161nju Skup\u0161tinu 12.3.2017.god. uz prisustvo 64 ljudi, od \u010dega 55 \u010dlanova-delegata sa pravom glasa, i dvoje gostiju, -Dragane Mihajlovi\u0107,\u0161ef kabineta preds.op\u0161tine Pantelej i -Novice Simi\u0107a,na\u010delnika uprave op\u0161tine Pantelej Predlo\u017een i usvojen dnevni red: 1.Pregled i analiza projektnih aktivnosti dru\u0161tva u 2016,god. i projekata [&hellip;]<\/p>\n","protected":false},"author":10,"featured_media":0,"comment_status":"closed","ping_status":"open","sticky":false,"template":"","format":"standard","meta":[],"categories":[6],"tags":[],"_links":{"self":[{"href":"https:\/\/www.sksfrancepresernnis.org.rs\/index.php\/wp-json\/wp\/v2\/posts\/421"}],"collection":[{"href":"https:\/\/www.sksfrancepresernnis.org.rs\/index.php\/wp-json\/wp\/v2\/posts"}],"about":[{"href":"https:\/\/www.sksfrancepresernnis.org.rs\/index.php\/wp-json\/wp\/v2\/types\/post"}],"author":[{"embeddable":true,"href":"https:\/\/www.sksfrancepresernnis.org.rs\/index.php\/wp-json\/wp\/v2\/users\/10"}],"replies":[{"embeddable":true,"href":"https:\/\/www.sksfrancepresernnis.org.rs\/index.php\/wp-json\/wp\/v2\/comments?post=421"}],"version-history":[{"count":1,"href":"https:\/\/www.sksfrancepresernnis.org.rs\/index.php\/wp-json\/wp\/v2\/posts\/421\/revisions"}],"predecessor-version":[{"id":422,"href":"https:\/\/www.sksfrancepresernnis.org.rs\/index.php\/wp-json\/wp\/v2\/posts\/421\/revisions\/422"}],"wp:attachment":[{"href":"https:\/\/www.sksfrancepresernnis.org.rs\/index.php\/wp-json\/wp\/v2\/media?parent=421"}],"wp:term":[{"taxonomy":"category","embeddable":true,"href":"https:\/\/www.sksfrancepresernnis.org.rs\/index.php\/wp-json\/wp\/v2\/categories?post=421"},{"taxonomy":"post_tag","embeddable":true,"href":"https:\/\/www.sksfrancepresernnis.org.rs\/index.php\/wp-json\/wp\/v2\/tags?post=421"}],"curies":[{"name":"wp","href":"https:\/\/api.w.org\/{rel}","templated":true}]}}