{"id":393,"date":"2017-03-09T14:15:09","date_gmt":"2017-03-09T14:15:09","guid":{"rendered":"https:\/\/www.sksfrancepresernnis.org.rs\/?p=393"},"modified":"2018-04-30T16:37:54","modified_gmt":"2018-04-30T14:37:54","slug":"ekskurzija-v-slovenijo-s-srednjesolci","status":"publish","type":"post","link":"https:\/\/www.sksfrancepresernnis.org.rs\/index.php\/2017\/03\/09\/ekskurzija-v-slovenijo-s-srednjesolci\/","title":{"rendered":"EKSKURZIJA V SLOVENIJO S SREDNJE\u0160OLCI"},"content":{"rendered":"<p>S skupino u\u010dencev, ki obiskujejo pouk slovenskega jezika, sva s sestro Andrijano obiskala Slovenijo, Bre\u017eice in Ljubljano, da bi se natan\u010dneje seznanila s \u0161olskim sistemom in mo\u017enostjo \u0161olanja v Sloveniji.<\/p>\n<p>Naslednje leto kon\u010dujem Srednjo elektrotehni\u0161ko \u0161olo v Ni\u0161u, zelo me zanimajo pogoji vpisa in \u0161olanja v Sloveniji na Fakulteti za ra\u010dunalni\u0161tvo in informatiko.<\/p>\n<p>Najini doma\u010dini so bili dru\u017eina Laznik oz. Otroka Julija in David. Sprejeli so naju zelo lepo, pri njih sva se po\u010dutila doma\u010de in prijetno.<\/p>\n<p>V Ljubljani sem obiskal Fakulteto za ra\u010dunalni\u0161tvo in informatiko, kjer sem se seznanil s pogoji \u0161olanja. Z nami so bili \u0161tudenti iz Srbije, ki \u017ee \u0161tudirajo v Ljubljani. Pomagali so nam najti \u0161olo in nas vodili po njej in nam pojasnili, \u010de \u010desa nismo razumeli. Ker mi ustreza program \u0161tudija, se bom potrudil, da izpolnim pogoje za vpis.<\/p>\n<p>V Bre\u017eicah smo si ogledali znamenitosti mesta in v Brestanici obiskali grad Rajhenburg, v katerem je bogata muzejska zbirka. Navdu\u0161en sem bil nad predstavljenim. Po obisku gradu smo imeli prilo\u017enost obiskati vinsko klet in poskusiti \u010dokoladno vino.<\/p>\n<p>S sestro prisr\u010dno pozdravljava dru\u017eino Laznik in se ji zahvaljujeva za gostoljuben sprejem in gostiteljstvo.<\/p>\n<p>Marko in Andrijana Gori\u0161ek, NI\u0161<\/p>\n","protected":false},"excerpt":{"rendered":"<p>S skupino u\u010dencev, ki obiskujejo pouk slovenskega jezika, sva s sestro Andrijano obiskala Slovenijo, Bre\u017eice in Ljubljano, da bi se natan\u010dneje seznanila s \u0161olskim sistemom in mo\u017enostjo \u0161olanja v Sloveniji. Naslednje leto kon\u010dujem Srednjo elektrotehni\u0161ko \u0161olo v Ni\u0161u, zelo me zanimajo pogoji vpisa in \u0161olanja v Sloveniji na Fakulteti za ra\u010dunalni\u0161tvo in informatiko. Najini doma\u010dini [&hellip;]<\/p>\n","protected":false},"author":10,"featured_media":397,"comment_status":"closed","ping_status":"open","sticky":false,"template":"","format":"standard","meta":[],"categories":[7],"tags":[],"_links":{"self":[{"href":"https:\/\/www.sksfrancepresernnis.org.rs\/index.php\/wp-json\/wp\/v2\/posts\/393"}],"collection":[{"href":"https:\/\/www.sksfrancepresernnis.org.rs\/index.php\/wp-json\/wp\/v2\/posts"}],"about":[{"href":"https:\/\/www.sksfrancepresernnis.org.rs\/index.php\/wp-json\/wp\/v2\/types\/post"}],"author":[{"embeddable":true,"href":"https:\/\/www.sksfrancepresernnis.org.rs\/index.php\/wp-json\/wp\/v2\/users\/10"}],"replies":[{"embeddable":true,"href":"https:\/\/www.sksfrancepresernnis.org.rs\/index.php\/wp-json\/wp\/v2\/comments?post=393"}],"version-history":[{"count":1,"href":"https:\/\/www.sksfrancepresernnis.org.rs\/index.php\/wp-json\/wp\/v2\/posts\/393\/revisions"}],"predecessor-version":[{"id":396,"href":"https:\/\/www.sksfrancepresernnis.org.rs\/index.php\/wp-json\/wp\/v2\/posts\/393\/revisions\/396"}],"wp:featuredmedia":[{"embeddable":true,"href":"https:\/\/www.sksfrancepresernnis.org.rs\/index.php\/wp-json\/wp\/v2\/media\/397"}],"wp:attachment":[{"href":"https:\/\/www.sksfrancepresernnis.org.rs\/index.php\/wp-json\/wp\/v2\/media?parent=393"}],"wp:term":[{"taxonomy":"category","embeddable":true,"href":"https:\/\/www.sksfrancepresernnis.org.rs\/index.php\/wp-json\/wp\/v2\/categories?post=393"},{"taxonomy":"post_tag","embeddable":true,"href":"https:\/\/www.sksfrancepresernnis.org.rs\/index.php\/wp-json\/wp\/v2\/tags?post=393"}],"curies":[{"name":"wp","href":"https:\/\/api.w.org\/{rel}","templated":true}]}}