{"id":378,"date":"2017-01-22T16:59:23","date_gmt":"2017-01-22T16:59:23","guid":{"rendered":"https:\/\/www.sksfrancepresernnis.org.rs\/?p=378"},"modified":"2018-04-30T16:37:54","modified_gmt":"2018-04-30T14:37:54","slug":"prvi-put-u-nisu-dani-slovenackog-filma","status":"publish","type":"post","link":"https:\/\/www.sksfrancepresernnis.org.rs\/index.php\/2017\/01\/22\/prvi-put-u-nisu-dani-slovenackog-filma\/","title":{"rendered":"PRVI PUT U NI\u0160U: Dani slovena\u010dkog filma"},"content":{"rendered":"<p class=\"style4\">U \u010detvrtak, 24. novembra u 19 sati po\u010dinju Dani slovena\u010dkog filma.<br \/>\nOvo je prvo predstavljanje slovena\u010dke kinematografije u Ni\u0161u, a organizatori su SKS \u201eFrance Pre\u0161ern\u201c i Ni\u0161ki kulturni centar. Ulaz je slobodan.<\/p>\n<p>Projekcije slovena\u010dkih filmova odr\u017eava\u0107e se u sali Ni\u0161kog kulturnog centra na Paliluli od \u010detvrtka do subote, kada je predvi\u0111eno i predstavljanje slovena\u010dkih autora, <strong>Du\u0161ana Moraveca<\/strong> i <strong>Bojana Labovi\u010da<\/strong>.<\/p>\n<p class=\"style4\">Repertoar mo\u017eete pogledati <a href=\"http:\/\/niskevesti.rs\/prvi-put-u-nisu-dani-slovenackog-filma\/\">ovde<\/a>.<\/p>\n","protected":false},"excerpt":{"rendered":"<p>U \u010detvrtak, 24. novembra u 19 sati po\u010dinju Dani slovena\u010dkog filma. Ovo je prvo predstavljanje slovena\u010dke kinematografije u Ni\u0161u, a organizatori su SKS \u201eFrance Pre\u0161ern\u201c i Ni\u0161ki kulturni centar. Ulaz je slobodan. Projekcije slovena\u010dkih filmova odr\u017eava\u0107e se u sali Ni\u0161kog kulturnog centra na Paliluli od \u010detvrtka do subote, kada je predvi\u0111eno i predstavljanje slovena\u010dkih autora, [&hellip;]<\/p>\n","protected":false},"author":10,"featured_media":0,"comment_status":"closed","ping_status":"open","sticky":false,"template":"","format":"standard","meta":[],"categories":[6],"tags":[],"_links":{"self":[{"href":"https:\/\/www.sksfrancepresernnis.org.rs\/index.php\/wp-json\/wp\/v2\/posts\/378"}],"collection":[{"href":"https:\/\/www.sksfrancepresernnis.org.rs\/index.php\/wp-json\/wp\/v2\/posts"}],"about":[{"href":"https:\/\/www.sksfrancepresernnis.org.rs\/index.php\/wp-json\/wp\/v2\/types\/post"}],"author":[{"embeddable":true,"href":"https:\/\/www.sksfrancepresernnis.org.rs\/index.php\/wp-json\/wp\/v2\/users\/10"}],"replies":[{"embeddable":true,"href":"https:\/\/www.sksfrancepresernnis.org.rs\/index.php\/wp-json\/wp\/v2\/comments?post=378"}],"version-history":[{"count":2,"href":"https:\/\/www.sksfrancepresernnis.org.rs\/index.php\/wp-json\/wp\/v2\/posts\/378\/revisions"}],"predecessor-version":[{"id":382,"href":"https:\/\/www.sksfrancepresernnis.org.rs\/index.php\/wp-json\/wp\/v2\/posts\/378\/revisions\/382"}],"wp:attachment":[{"href":"https:\/\/www.sksfrancepresernnis.org.rs\/index.php\/wp-json\/wp\/v2\/media?parent=378"}],"wp:term":[{"taxonomy":"category","embeddable":true,"href":"https:\/\/www.sksfrancepresernnis.org.rs\/index.php\/wp-json\/wp\/v2\/categories?post=378"},{"taxonomy":"post_tag","embeddable":true,"href":"https:\/\/www.sksfrancepresernnis.org.rs\/index.php\/wp-json\/wp\/v2\/tags?post=378"}],"curies":[{"name":"wp","href":"https:\/\/api.w.org\/{rel}","templated":true}]}}