{"id":2202,"date":"2025-02-27T16:15:10","date_gmt":"2025-02-27T15:15:10","guid":{"rendered":"https:\/\/www.sksfrancepresernnis.org.rs\/?p=2202"},"modified":"2025-02-27T16:15:10","modified_gmt":"2025-02-27T15:15:10","slug":"8-februar-slovenski-kulturni-praznik","status":"publish","type":"post","link":"https:\/\/www.sksfrancepresernnis.org.rs\/index.php\/2025\/02\/27\/8-februar-slovenski-kulturni-praznik\/","title":{"rendered":"<strong><u>8. FEBRUAR, SLOVENSKI KULTURNI PRAZNIK<\/u><\/strong>"},"content":{"rendered":"\n<p>Pre\u0161ernov dan je slovenski kulturni praznik, ki smo ga tudi to leto praznovali 8. februarja v prostoru SKS \u201cFrance Pre\u0161eren\u201d v Ni\u0161u. Za nas je ta dan zelo \u010dustven, ker je tudi na\u0161a SKS dobila ime po Francetu Pre\u0161ernu, najve\u010djem slovenskem pesniku.<\/p>\n\n\n\n<p>Predsednik skupnosti Ivica Gruden je pozdravil\u00a0 prisotne \u010dlane SKS in \u010destital praznik. Govoril je o Pre\u0161ernovem \u017eivljenju in delu. Za Slovence je zelo pomemben, saj je s svojo poezijo\u00a0 krepil slovensko narodno zavest in kulturno identiteto. France Pre\u0161eren je napisal pesem Zdravljica, katere 7.kitica je postala slovenska himna. V njej je zdru\u017eil misel o prijateljstvu z \u017eeljo po medsebojnem spo\u0161tovanju ljudi, bratstvu in svobodi.<\/p>\n\n\n\n<p>7.<strong><br>\u017div\u00e9 naj vsi nar\u00f3di,<br>ki hrepen\u00e9 do\u010dakat\u2019 dan,<br>da, koder sonce hodi,<br>prepir iz sv\u00e9ta bo pregnan,<br>da rojak<br>prost bo vsak,<br>ne vrag, le sosed bo mejak!<\/strong><\/p>\n\n\n\n<p>Po nagovoru predsednika SKS \u201eFrance Pre\u0161eren\u201c se je ve\u010der nadaljeval prazni\u010dno, kjer ni manjkalo dobre hrane in pija\u010de.<\/p>\n\n\n\n<p>Lep pozdrav do naslednjega sre\u010danja.<\/p>\n\n\n\n<p>Sandra Miti\u0107<\/p>\n\n\n\n<p><\/p>\n","protected":false},"excerpt":{"rendered":"<p>Pre\u0161ernov dan je slovenski kulturni praznik, ki smo ga tudi to leto praznovali 8. februarja v prostoru SKS \u201cFrance Pre\u0161eren\u201d v Ni\u0161u. Za nas je ta dan zelo \u010dustven, ker je tudi na\u0161a SKS dobila ime po Francetu Pre\u0161ernu, najve\u010djem slovenskem pesniku. Predsednik skupnosti Ivica Gruden je pozdravil\u00a0 prisotne \u010dlane SKS in \u010destital praznik. Govoril [&hellip;]<\/p>\n","protected":false},"author":8,"featured_media":2203,"comment_status":"closed","ping_status":"open","sticky":false,"template":"","format":"standard","meta":[],"categories":[6],"tags":[64,123,278,17,15],"_links":{"self":[{"href":"https:\/\/www.sksfrancepresernnis.org.rs\/index.php\/wp-json\/wp\/v2\/posts\/2202"}],"collection":[{"href":"https:\/\/www.sksfrancepresernnis.org.rs\/index.php\/wp-json\/wp\/v2\/posts"}],"about":[{"href":"https:\/\/www.sksfrancepresernnis.org.rs\/index.php\/wp-json\/wp\/v2\/types\/post"}],"author":[{"embeddable":true,"href":"https:\/\/www.sksfrancepresernnis.org.rs\/index.php\/wp-json\/wp\/v2\/users\/8"}],"replies":[{"embeddable":true,"href":"https:\/\/www.sksfrancepresernnis.org.rs\/index.php\/wp-json\/wp\/v2\/comments?post=2202"}],"version-history":[{"count":1,"href":"https:\/\/www.sksfrancepresernnis.org.rs\/index.php\/wp-json\/wp\/v2\/posts\/2202\/revisions"}],"predecessor-version":[{"id":2204,"href":"https:\/\/www.sksfrancepresernnis.org.rs\/index.php\/wp-json\/wp\/v2\/posts\/2202\/revisions\/2204"}],"wp:featuredmedia":[{"embeddable":true,"href":"https:\/\/www.sksfrancepresernnis.org.rs\/index.php\/wp-json\/wp\/v2\/media\/2203"}],"wp:attachment":[{"href":"https:\/\/www.sksfrancepresernnis.org.rs\/index.php\/wp-json\/wp\/v2\/media?parent=2202"}],"wp:term":[{"taxonomy":"category","embeddable":true,"href":"https:\/\/www.sksfrancepresernnis.org.rs\/index.php\/wp-json\/wp\/v2\/categories?post=2202"},{"taxonomy":"post_tag","embeddable":true,"href":"https:\/\/www.sksfrancepresernnis.org.rs\/index.php\/wp-json\/wp\/v2\/tags?post=2202"}],"curies":[{"name":"wp","href":"https:\/\/api.w.org\/{rel}","templated":true}]}}