{"id":2143,"date":"2024-10-11T18:35:15","date_gmt":"2024-10-11T16:35:15","guid":{"rendered":"https:\/\/www.sksfrancepresernnis.org.rs\/?p=2143"},"modified":"2024-10-11T18:52:57","modified_gmt":"2024-10-11T16:52:57","slug":"90-ta-obletnica-slo-drustva-cankar-sarajevo-2024","status":"publish","type":"post","link":"https:\/\/www.sksfrancepresernnis.org.rs\/index.php\/2024\/10\/11\/90-ta-obletnica-slo-drustva-cankar-sarajevo-2024\/","title":{"rendered":"90-ta obletnica Slo dru\u0161tva Cankar, Sarajevo 2024"},"content":{"rendered":"\n<p>Na povabilo slovenskega dru\u0161tva &#8220;Cankar&#8221; iz Sarajeva, in kot projekt, potrjen s strani URADA na nate\u010daju zaleto 2024, je 4-\u010dlanska ekipa SKS &#8220;France Pre\u0161eren&#8221; bila v Sarajevu od 27.10-29.10.<\/p>\n\n\n\n<p>Povod obiska podjetja &#8220;Cankar&#8221; je bilo praznovanje 90-letnice ustanovitve.<\/p>\n\n\n\n<p>V Domu obro\u017eenih sil v Sarajevu je bil 27.10. \/petek\/ koncert skupine &#8220;Primorski fantje&#8221; pod sloganom Klub gremo plesat.<\/p>\n\n\n\n<figure class=\"wp-block-image size-large\"><img decoding=\"async\" loading=\"lazy\" width=\"1024\" height=\"768\" src=\"https:\/\/www.sksfrancepresernnis.org.rs\/wp-content\/uploads\/2024\/10\/IMG-af4d6aa6750b6ec7614353e158501864-V-1024x768.jpg\" alt=\"\" class=\"wp-image-2138\" srcset=\"https:\/\/www.sksfrancepresernnis.org.rs\/wp-content\/uploads\/2024\/10\/IMG-af4d6aa6750b6ec7614353e158501864-V-1024x768.jpg 1024w, https:\/\/www.sksfrancepresernnis.org.rs\/wp-content\/uploads\/2024\/10\/IMG-af4d6aa6750b6ec7614353e158501864-V-300x225.jpg 300w, https:\/\/www.sksfrancepresernnis.org.rs\/wp-content\/uploads\/2024\/10\/IMG-af4d6aa6750b6ec7614353e158501864-V-768x576.jpg 768w, https:\/\/www.sksfrancepresernnis.org.rs\/wp-content\/uploads\/2024\/10\/IMG-af4d6aa6750b6ec7614353e158501864-V-1536x1152.jpg 1536w, https:\/\/www.sksfrancepresernnis.org.rs\/wp-content\/uploads\/2024\/10\/IMG-af4d6aa6750b6ec7614353e158501864-V-640x480.jpg 640w, https:\/\/www.sksfrancepresernnis.org.rs\/wp-content\/uploads\/2024\/10\/IMG-af4d6aa6750b6ec7614353e158501864-V.jpg 1600w\" sizes=\"(max-width: 1024px) 100vw, 1024px\" \/><\/figure>\n\n\n\n<p>V soboto je potekalo slovesno praznovanje jubileja.<\/p>\n\n\n\n<p>Predsednik SKS &#8220;France Pre\u0161eren&#8221; Ni\u0161 je Cankarjevemu dru\u0161tvu podaril bronasto miniaturo cesarja Konstantina i cesarice Jelene s Kristusovim monogramom.<\/p>\n\n\n\n<p>Obkro\u017eeni s starimi prijatelji smo se po\u010dutili kot doma   in smo ih povabili na na\u0161o proslavo 20-te obletnice ustanovitve slovenske skupnosti &#8220;France Pre\u0161eren&#8221; v Ni\u0161u, ki bo 13.11.2024.<\/p>\n\n\n\n<p><\/p>\n\n\n\n<p>Tekst,  Ivica Gruden<\/p>\n","protected":false},"excerpt":{"rendered":"<p>Na povabilo slovenskega dru\u0161tva &#8220;Cankar&#8221; iz Sarajeva, in kot projekt, potrjen s strani URADA na nate\u010daju zaleto 2024, je 4-\u010dlanska ekipa SKS &#8220;France Pre\u0161eren&#8221; bila v Sarajevu od 27.10-29.10. Povod obiska podjetja &#8220;Cankar&#8221; je bilo praznovanje 90-letnice ustanovitve. V Domu obro\u017eenih sil v Sarajevu je bil 27.10. \/petek\/ koncert skupine &#8220;Primorski fantje&#8221; pod sloganom Klub [&hellip;]<\/p>\n","protected":false},"author":8,"featured_media":2152,"comment_status":"closed","ping_status":"open","sticky":false,"template":"","format":"standard","meta":[],"categories":[6],"tags":[444,21,64,445,230,278,17],"_links":{"self":[{"href":"https:\/\/www.sksfrancepresernnis.org.rs\/index.php\/wp-json\/wp\/v2\/posts\/2143"}],"collection":[{"href":"https:\/\/www.sksfrancepresernnis.org.rs\/index.php\/wp-json\/wp\/v2\/posts"}],"about":[{"href":"https:\/\/www.sksfrancepresernnis.org.rs\/index.php\/wp-json\/wp\/v2\/types\/post"}],"author":[{"embeddable":true,"href":"https:\/\/www.sksfrancepresernnis.org.rs\/index.php\/wp-json\/wp\/v2\/users\/8"}],"replies":[{"embeddable":true,"href":"https:\/\/www.sksfrancepresernnis.org.rs\/index.php\/wp-json\/wp\/v2\/comments?post=2143"}],"version-history":[{"count":4,"href":"https:\/\/www.sksfrancepresernnis.org.rs\/index.php\/wp-json\/wp\/v2\/posts\/2143\/revisions"}],"predecessor-version":[{"id":2153,"href":"https:\/\/www.sksfrancepresernnis.org.rs\/index.php\/wp-json\/wp\/v2\/posts\/2143\/revisions\/2153"}],"wp:featuredmedia":[{"embeddable":true,"href":"https:\/\/www.sksfrancepresernnis.org.rs\/index.php\/wp-json\/wp\/v2\/media\/2152"}],"wp:attachment":[{"href":"https:\/\/www.sksfrancepresernnis.org.rs\/index.php\/wp-json\/wp\/v2\/media?parent=2143"}],"wp:term":[{"taxonomy":"category","embeddable":true,"href":"https:\/\/www.sksfrancepresernnis.org.rs\/index.php\/wp-json\/wp\/v2\/categories?post=2143"},{"taxonomy":"post_tag","embeddable":true,"href":"https:\/\/www.sksfrancepresernnis.org.rs\/index.php\/wp-json\/wp\/v2\/tags?post=2143"}],"curies":[{"name":"wp","href":"https:\/\/api.w.org\/{rel}","templated":true}]}}