{"id":2053,"date":"2024-02-11T12:52:44","date_gmt":"2024-02-11T11:52:44","guid":{"rendered":"https:\/\/www.sksfrancepresernnis.org.rs\/?p=2053"},"modified":"2024-02-15T17:03:22","modified_gmt":"2024-02-15T16:03:22","slug":"ob-presernovem-dnevu-je-v-madlenianumu-potekal-jazz-koncert-od-swinga-do-ritmov-latinske-amerike","status":"publish","type":"post","link":"https:\/\/www.sksfrancepresernnis.org.rs\/index.php\/2024\/02\/11\/ob-presernovem-dnevu-je-v-madlenianumu-potekal-jazz-koncert-od-swinga-do-ritmov-latinske-amerike\/","title":{"rendered":"Ob Pre\u0161ernovem dnevu je v Madlenianumu potekal jazz koncert &#8220;Od swinga do ritmov Latinske Amerike&#8221;"},"content":{"rendered":"\n<figure class=\"wp-block-image size-large\"><img decoding=\"async\" loading=\"lazy\" width=\"473\" height=\"1024\" src=\"https:\/\/www.sksfrancepresernnis.org.rs\/wp-content\/uploads\/2024\/02\/IMG-4d0d6069f5579855e2caa78d4603803e-V-473x1024.jpg\" alt=\"\" class=\"wp-image-2056\" srcset=\"https:\/\/www.sksfrancepresernnis.org.rs\/wp-content\/uploads\/2024\/02\/IMG-4d0d6069f5579855e2caa78d4603803e-V-473x1024.jpg 473w, https:\/\/www.sksfrancepresernnis.org.rs\/wp-content\/uploads\/2024\/02\/IMG-4d0d6069f5579855e2caa78d4603803e-V-139x300.jpg 139w, https:\/\/www.sksfrancepresernnis.org.rs\/wp-content\/uploads\/2024\/02\/IMG-4d0d6069f5579855e2caa78d4603803e-V-709x1536.jpg 709w, https:\/\/www.sksfrancepresernnis.org.rs\/wp-content\/uploads\/2024\/02\/IMG-4d0d6069f5579855e2caa78d4603803e-V.jpg 739w\" sizes=\"(max-width: 473px) 100vw, 473px\" \/><\/figure>\n\n\n\n<p>Ob Pre\u0161ernovem dnevu je na Velikem odru Opere in gledali\u0161\u010da Madlenianum v Zemunu potekal koncert \u00bbOd swinga do ritmov Latinske Amerike\u00ab Big Band Jazz Orchestra Akademije za glasbo Univerze v Ljubljani.<\/p>\n\n\n\n<p>Zasedbo 24 glasbenikov vodi ugledni slovenski dirigent Matej Hotko, ki je organiziral glasbeni ve\u010der swinga in jazza v \u010dast slovenskega pesnika in pisatelja Franca Pre\u0161erna (Vrba, 1800 &#8211; Kranj, 1849).<\/p>\n\n\n\n<p>Pred koncertom je zbrane nagovoril veleposlanik Republike Slovenije v Beogradu Damjan Bergant, ki je poudaril, da se s tem koncertom spominjamo smrti pesnika Pre\u0161erna, ki je dejansko umrl 8. februarja leta 1849, zato bo Slovenija jutri praznovala obletnico njegovega prehoda.<\/p>\n\n\n\n<p>Bergant je izpostavil, da &#8220;smo nocoj vsi skupaj tukaj, da s ponosom obele\u017eimo kulturni praznik, \u017eivljenje in delo Franca Pre\u0161erna ter slovensko kulturo&#8221;.<\/p>\n\n\n\n<p>\u00bbVeselimo se, da bomo Pre\u0161ernov dan lahko ponovno praznovali tudi tukaj v Srbiji in Beogradu, tokrat pa bo koncert druga\u010den kot lani. Skozi nas bo vodil big band Glasbene akademije Univerze v Ljubljani. jazz standardov in znanih skladb Nocoj\u0161nje kulturno sre\u010danje je hkrati tudi pomemben kulturni praznik Ta ve\u010der bo nepozabno glasbeno in kulturno do\u017eivetje Hvale\u017eni smo Operi in gledali\u0161\u010du Madlenianum, Madleni Cepter in vam, ob\u010dinstvu ,\u00ab je zaklju\u010dil Damjan Bergant.<\/p>\n\n\n\n<p>Besedilo preneseno in prevedeno v sloven\u0161\u010dino:<\/p>\n\n\n\n<p><a href=\"https:\/\/www.telegraf.rs\/pop-i-kultura\/muzika\/3832837-odrzan-dzez-koncert-od-svinga-do-ritmova-latinske-amerike-povodom-presernovog-dana-u-madlenianumu\">https:\/\/www.telegraf.rs\/pop-i-kultura\/muzika\/3832837-odrzan-dzez-koncert-od-svinga-do-ritmova-latinske-amerike-povodom-presernovog-dana-u-madlenianumu<\/a><\/p>\n\n\n\n<figure class=\"is-layout-flex wp-block-gallery-1 wp-block-gallery has-nested-images columns-default is-cropped\">\n<figure class=\"wp-block-image size-large\"><img decoding=\"async\" loading=\"lazy\" width=\"1024\" height=\"473\" data-id=\"2055\"  src=\"https:\/\/www.sksfrancepresernnis.org.rs\/wp-content\/uploads\/2024\/02\/IMG-ee77b6d30d74d4f4fcc26b71e53d6050-V-1024x473.jpg\" alt=\"\" class=\"wp-image-2055\" srcset=\"https:\/\/www.sksfrancepresernnis.org.rs\/wp-content\/uploads\/2024\/02\/IMG-ee77b6d30d74d4f4fcc26b71e53d6050-V-1024x473.jpg 1024w, https:\/\/www.sksfrancepresernnis.org.rs\/wp-content\/uploads\/2024\/02\/IMG-ee77b6d30d74d4f4fcc26b71e53d6050-V-300x139.jpg 300w, https:\/\/www.sksfrancepresernnis.org.rs\/wp-content\/uploads\/2024\/02\/IMG-ee77b6d30d74d4f4fcc26b71e53d6050-V-768x355.jpg 768w, https:\/\/www.sksfrancepresernnis.org.rs\/wp-content\/uploads\/2024\/02\/IMG-ee77b6d30d74d4f4fcc26b71e53d6050-V-1536x709.jpg 1536w, https:\/\/www.sksfrancepresernnis.org.rs\/wp-content\/uploads\/2024\/02\/IMG-ee77b6d30d74d4f4fcc26b71e53d6050-V.jpg 1600w\" sizes=\"(max-width: 1024px) 100vw, 1024px\" \/><\/figure>\n\n\n\n<figure class=\"wp-block-image size-large\"><img decoding=\"async\" loading=\"lazy\" width=\"1024\" height=\"473\" data-id=\"2054\"  src=\"https:\/\/www.sksfrancepresernnis.org.rs\/wp-content\/uploads\/2024\/02\/IMG-e7b3bdb74a768c4026d6c9acf00eb9ae-V-1024x473.jpg\" alt=\"\" class=\"wp-image-2054\" srcset=\"https:\/\/www.sksfrancepresernnis.org.rs\/wp-content\/uploads\/2024\/02\/IMG-e7b3bdb74a768c4026d6c9acf00eb9ae-V-1024x473.jpg 1024w, https:\/\/www.sksfrancepresernnis.org.rs\/wp-content\/uploads\/2024\/02\/IMG-e7b3bdb74a768c4026d6c9acf00eb9ae-V-300x139.jpg 300w, https:\/\/www.sksfrancepresernnis.org.rs\/wp-content\/uploads\/2024\/02\/IMG-e7b3bdb74a768c4026d6c9acf00eb9ae-V-768x355.jpg 768w, https:\/\/www.sksfrancepresernnis.org.rs\/wp-content\/uploads\/2024\/02\/IMG-e7b3bdb74a768c4026d6c9acf00eb9ae-V-1536x709.jpg 1536w, https:\/\/www.sksfrancepresernnis.org.rs\/wp-content\/uploads\/2024\/02\/IMG-e7b3bdb74a768c4026d6c9acf00eb9ae-V.jpg 1600w\" sizes=\"(max-width: 1024px) 100vw, 1024px\" \/><\/figure>\n<\/figure>\n","protected":false},"excerpt":{"rendered":"<p>Ob Pre\u0161ernovem dnevu je na Velikem odru Opere in gledali\u0161\u010da Madlenianum v Zemunu potekal koncert \u00bbOd swinga do ritmov Latinske Amerike\u00ab Big Band Jazz Orchestra Akademije za glasbo Univerze v Ljubljani. Zasedbo 24 glasbenikov vodi ugledni slovenski dirigent Matej Hotko, ki je organiziral glasbeni ve\u010der swinga in jazza v \u010dast slovenskega pesnika in pisatelja Franca [&hellip;]<\/p>\n","protected":false},"author":8,"featured_media":2054,"comment_status":"closed","ping_status":"open","sticky":false,"template":"","format":"standard","meta":[],"categories":[6],"tags":[416,157,64,415,123,278,17],"_links":{"self":[{"href":"https:\/\/www.sksfrancepresernnis.org.rs\/index.php\/wp-json\/wp\/v2\/posts\/2053"}],"collection":[{"href":"https:\/\/www.sksfrancepresernnis.org.rs\/index.php\/wp-json\/wp\/v2\/posts"}],"about":[{"href":"https:\/\/www.sksfrancepresernnis.org.rs\/index.php\/wp-json\/wp\/v2\/types\/post"}],"author":[{"embeddable":true,"href":"https:\/\/www.sksfrancepresernnis.org.rs\/index.php\/wp-json\/wp\/v2\/users\/8"}],"replies":[{"embeddable":true,"href":"https:\/\/www.sksfrancepresernnis.org.rs\/index.php\/wp-json\/wp\/v2\/comments?post=2053"}],"version-history":[{"count":1,"href":"https:\/\/www.sksfrancepresernnis.org.rs\/index.php\/wp-json\/wp\/v2\/posts\/2053\/revisions"}],"predecessor-version":[{"id":2057,"href":"https:\/\/www.sksfrancepresernnis.org.rs\/index.php\/wp-json\/wp\/v2\/posts\/2053\/revisions\/2057"}],"wp:featuredmedia":[{"embeddable":true,"href":"https:\/\/www.sksfrancepresernnis.org.rs\/index.php\/wp-json\/wp\/v2\/media\/2054"}],"wp:attachment":[{"href":"https:\/\/www.sksfrancepresernnis.org.rs\/index.php\/wp-json\/wp\/v2\/media?parent=2053"}],"wp:term":[{"taxonomy":"category","embeddable":true,"href":"https:\/\/www.sksfrancepresernnis.org.rs\/index.php\/wp-json\/wp\/v2\/categories?post=2053"},{"taxonomy":"post_tag","embeddable":true,"href":"https:\/\/www.sksfrancepresernnis.org.rs\/index.php\/wp-json\/wp\/v2\/tags?post=2053"}],"curies":[{"name":"wp","href":"https:\/\/api.w.org\/{rel}","templated":true}]}}