{"id":2047,"date":"2024-02-11T12:38:05","date_gmt":"2024-02-11T11:38:05","guid":{"rendered":"https:\/\/www.sksfrancepresernnis.org.rs\/?p=2047"},"modified":"2024-02-15T16:58:15","modified_gmt":"2024-02-15T15:58:15","slug":"srecno-v-pokoju-tatjana","status":"publish","type":"post","link":"https:\/\/www.sksfrancepresernnis.org.rs\/index.php\/2024\/02\/11\/srecno-v-pokoju-tatjana\/","title":{"rendered":"Sre\u010dno v pokoju, Tatjana!"},"content":{"rendered":"\n<figure class=\"wp-block-image size-large\"><img decoding=\"async\" loading=\"lazy\" width=\"1024\" height=\"768\" src=\"https:\/\/www.sksfrancepresernnis.org.rs\/wp-content\/uploads\/2024\/02\/IMG_20240123_174230-1024x768.jpg\" alt=\"\" class=\"wp-image-2048\" srcset=\"https:\/\/www.sksfrancepresernnis.org.rs\/wp-content\/uploads\/2024\/02\/IMG_20240123_174230-1024x768.jpg 1024w, https:\/\/www.sksfrancepresernnis.org.rs\/wp-content\/uploads\/2024\/02\/IMG_20240123_174230-300x225.jpg 300w, https:\/\/www.sksfrancepresernnis.org.rs\/wp-content\/uploads\/2024\/02\/IMG_20240123_174230-768x576.jpg 768w, https:\/\/www.sksfrancepresernnis.org.rs\/wp-content\/uploads\/2024\/02\/IMG_20240123_174230-1536x1152.jpg 1536w, https:\/\/www.sksfrancepresernnis.org.rs\/wp-content\/uploads\/2024\/02\/IMG_20240123_174230-2048x1536.jpg 2048w, https:\/\/www.sksfrancepresernnis.org.rs\/wp-content\/uploads\/2024\/02\/IMG_20240123_174230-640x480.jpg 640w\" sizes=\"(max-width: 1024px) 100vw, 1024px\" \/><\/figure>\n\n\n\n<p>Dragi prijatelji, u\u010denci, \u010dlani skupnosti!<\/p>\n\n\n\n<p>HVALA, DA STE BILI Z MANO. Ne le ob na\u0161em slovesu, \u0161e bolj ob vsakem dru\u017eenju pri pouku. Nekateri ste bili z mano od mojega prvega prihoda v Ni\u0161 leta 2010, drugi ste se priklju\u010dili kasneje. Vse vas je vodila ista \u017eelja, spoznati Slovenijo in sloven\u0161\u010dino. Pogosto smo se u\u010dili drug od drugega, kar je na\u0161e dru\u017eenje samo obogatilo. Upam, da sem uspela izpolniti va\u0161a pri\u010dakovanja.<\/p>\n\n\n\n<p>Sama sem se z vami po\u010dutila lepo in karierno izpolnjeno. Vsem \u017eelim, da uspete na svoji poti, \u010de pa vas bo ta vodila skozi Slovenijo, vas bom ponovno vesela,<\/p>\n\n\n\n<p>u\u010diteljica Tatjana<\/p>\n\n\n\n<figure class=\"is-layout-flex wp-block-gallery-1 wp-block-gallery has-nested-images columns-default is-cropped\">\n<figure class=\"wp-block-image size-large\"><img decoding=\"async\" loading=\"lazy\" width=\"768\" height=\"1024\" data-id=\"2050\"  src=\"https:\/\/www.sksfrancepresernnis.org.rs\/wp-content\/uploads\/2024\/02\/IMG_20240123_174007-1-768x1024.jpg\" alt=\"\" class=\"wp-image-2050\" srcset=\"https:\/\/www.sksfrancepresernnis.org.rs\/wp-content\/uploads\/2024\/02\/IMG_20240123_174007-1-768x1024.jpg 768w, https:\/\/www.sksfrancepresernnis.org.rs\/wp-content\/uploads\/2024\/02\/IMG_20240123_174007-1-225x300.jpg 225w, https:\/\/www.sksfrancepresernnis.org.rs\/wp-content\/uploads\/2024\/02\/IMG_20240123_174007-1-1152x1536.jpg 1152w, https:\/\/www.sksfrancepresernnis.org.rs\/wp-content\/uploads\/2024\/02\/IMG_20240123_174007-1-1536x2048.jpg 1536w, https:\/\/www.sksfrancepresernnis.org.rs\/wp-content\/uploads\/2024\/02\/IMG_20240123_174007-1-scaled.jpg 1920w\" sizes=\"(max-width: 768px) 100vw, 768px\" \/><\/figure>\n\n\n\n<figure class=\"wp-block-image size-large\"><img decoding=\"async\" loading=\"lazy\" width=\"1024\" height=\"577\" data-id=\"2051\"  src=\"https:\/\/www.sksfrancepresernnis.org.rs\/wp-content\/uploads\/2024\/02\/20240123_172302-1024x577.jpg\" alt=\"\" class=\"wp-image-2051\" srcset=\"https:\/\/www.sksfrancepresernnis.org.rs\/wp-content\/uploads\/2024\/02\/20240123_172302-1024x577.jpg 1024w, https:\/\/www.sksfrancepresernnis.org.rs\/wp-content\/uploads\/2024\/02\/20240123_172302-300x169.jpg 300w, https:\/\/www.sksfrancepresernnis.org.rs\/wp-content\/uploads\/2024\/02\/20240123_172302-768x432.jpg 768w, https:\/\/www.sksfrancepresernnis.org.rs\/wp-content\/uploads\/2024\/02\/20240123_172302-1536x865.jpg 1536w, https:\/\/www.sksfrancepresernnis.org.rs\/wp-content\/uploads\/2024\/02\/20240123_172302-2048x1153.jpg 2048w\" sizes=\"(max-width: 1024px) 100vw, 1024px\" \/><\/figure>\n<\/figure>\n","protected":false},"excerpt":{"rendered":"<p>Dragi prijatelji, u\u010denci, \u010dlani skupnosti! HVALA, DA STE BILI Z MANO. Ne le ob na\u0161em slovesu, \u0161e bolj ob vsakem dru\u017eenju pri pouku. Nekateri ste bili z mano od mojega prvega prihoda v Ni\u0161 leta 2010, drugi ste se priklju\u010dili kasneje. Vse vas je vodila ista \u017eelja, spoznati Slovenijo in sloven\u0161\u010dino. Pogosto smo se u\u010dili [&hellip;]<\/p>\n","protected":false},"author":8,"featured_media":2051,"comment_status":"closed","ping_status":"open","sticky":false,"template":"","format":"standard","meta":[],"categories":[6],"tags":[414,64,13,278,17,290,413,96],"_links":{"self":[{"href":"https:\/\/www.sksfrancepresernnis.org.rs\/index.php\/wp-json\/wp\/v2\/posts\/2047"}],"collection":[{"href":"https:\/\/www.sksfrancepresernnis.org.rs\/index.php\/wp-json\/wp\/v2\/posts"}],"about":[{"href":"https:\/\/www.sksfrancepresernnis.org.rs\/index.php\/wp-json\/wp\/v2\/types\/post"}],"author":[{"embeddable":true,"href":"https:\/\/www.sksfrancepresernnis.org.rs\/index.php\/wp-json\/wp\/v2\/users\/8"}],"replies":[{"embeddable":true,"href":"https:\/\/www.sksfrancepresernnis.org.rs\/index.php\/wp-json\/wp\/v2\/comments?post=2047"}],"version-history":[{"count":1,"href":"https:\/\/www.sksfrancepresernnis.org.rs\/index.php\/wp-json\/wp\/v2\/posts\/2047\/revisions"}],"predecessor-version":[{"id":2052,"href":"https:\/\/www.sksfrancepresernnis.org.rs\/index.php\/wp-json\/wp\/v2\/posts\/2047\/revisions\/2052"}],"wp:featuredmedia":[{"embeddable":true,"href":"https:\/\/www.sksfrancepresernnis.org.rs\/index.php\/wp-json\/wp\/v2\/media\/2051"}],"wp:attachment":[{"href":"https:\/\/www.sksfrancepresernnis.org.rs\/index.php\/wp-json\/wp\/v2\/media?parent=2047"}],"wp:term":[{"taxonomy":"category","embeddable":true,"href":"https:\/\/www.sksfrancepresernnis.org.rs\/index.php\/wp-json\/wp\/v2\/categories?post=2047"},{"taxonomy":"post_tag","embeddable":true,"href":"https:\/\/www.sksfrancepresernnis.org.rs\/index.php\/wp-json\/wp\/v2\/tags?post=2047"}],"curies":[{"name":"wp","href":"https:\/\/api.w.org\/{rel}","templated":true}]}}