{"id":2008,"date":"2023-11-24T21:25:00","date_gmt":"2023-11-24T20:25:00","guid":{"rendered":"https:\/\/www.sksfrancepresernnis.org.rs\/?p=2008"},"modified":"2023-11-24T21:26:14","modified_gmt":"2023-11-24T20:26:14","slug":"veleposlanik-damjan-bergant-in-sks-france-preseren-srecanje-v-rezidenci-republike-slovenije","status":"publish","type":"post","link":"https:\/\/www.sksfrancepresernnis.org.rs\/index.php\/2023\/11\/24\/veleposlanik-damjan-bergant-in-sks-france-preseren-srecanje-v-rezidenci-republike-slovenije\/","title":{"rendered":"Veleposlanik Damjan Bergant in SKS &#8220;France Pre\u0161eren&#8221; &#8211; Sre\u010danje v rezidenci Republike Slovenije"},"content":{"rendered":"\n<p>Predstavniki Dru\u0161tva France Pre\u0161eren so se na povabilo veleposlanika Damjana Berganta v torek, 14. odzvali sre\u010danju v rezidenci Republike Slovenije (Mihaila Avramovi\u0107a 17v). november 2023.<\/p>\n\n\n\n<p>Ob tej prilo\u017enosti so bile napovedane aktivnosti za prihodnje leto, izmenjane informacije o delovanju drugih dru\u0161tev v Republiki Srbiji in organizaciji osrednje proslave Pre\u0161ernovega dne v organizaciji Veleposlani\u0161tva 8. februarja 2024.<\/p>\n\n\n\n<p>Ma\u0161a Bubanj<\/p>\n","protected":false},"excerpt":{"rendered":"<p>Predstavniki Dru\u0161tva France Pre\u0161eren so se na povabilo veleposlanika Damjana Berganta v torek, 14. odzvali sre\u010danju v rezidenci Republike Slovenije (Mihaila Avramovi\u0107a 17v). november 2023. Ob tej prilo\u017enosti so bile napovedane aktivnosti za prihodnje leto, izmenjane informacije o delovanju drugih dru\u0161tev v Republiki Srbiji in organizaciji osrednje proslave Pre\u0161ernovega dne v organizaciji Veleposlani\u0161tva 8. februarja [&hellip;]<\/p>\n","protected":false},"author":8,"featured_media":2006,"comment_status":"closed","ping_status":"open","sticky":false,"template":"","format":"standard","meta":[],"categories":[6],"tags":[370,369,64,17,15,371],"_links":{"self":[{"href":"https:\/\/www.sksfrancepresernnis.org.rs\/index.php\/wp-json\/wp\/v2\/posts\/2008"}],"collection":[{"href":"https:\/\/www.sksfrancepresernnis.org.rs\/index.php\/wp-json\/wp\/v2\/posts"}],"about":[{"href":"https:\/\/www.sksfrancepresernnis.org.rs\/index.php\/wp-json\/wp\/v2\/types\/post"}],"author":[{"embeddable":true,"href":"https:\/\/www.sksfrancepresernnis.org.rs\/index.php\/wp-json\/wp\/v2\/users\/8"}],"replies":[{"embeddable":true,"href":"https:\/\/www.sksfrancepresernnis.org.rs\/index.php\/wp-json\/wp\/v2\/comments?post=2008"}],"version-history":[{"count":1,"href":"https:\/\/www.sksfrancepresernnis.org.rs\/index.php\/wp-json\/wp\/v2\/posts\/2008\/revisions"}],"predecessor-version":[{"id":2009,"href":"https:\/\/www.sksfrancepresernnis.org.rs\/index.php\/wp-json\/wp\/v2\/posts\/2008\/revisions\/2009"}],"wp:featuredmedia":[{"embeddable":true,"href":"https:\/\/www.sksfrancepresernnis.org.rs\/index.php\/wp-json\/wp\/v2\/media\/2006"}],"wp:attachment":[{"href":"https:\/\/www.sksfrancepresernnis.org.rs\/index.php\/wp-json\/wp\/v2\/media?parent=2008"}],"wp:term":[{"taxonomy":"category","embeddable":true,"href":"https:\/\/www.sksfrancepresernnis.org.rs\/index.php\/wp-json\/wp\/v2\/categories?post=2008"},{"taxonomy":"post_tag","embeddable":true,"href":"https:\/\/www.sksfrancepresernnis.org.rs\/index.php\/wp-json\/wp\/v2\/tags?post=2008"}],"curies":[{"name":"wp","href":"https:\/\/api.w.org\/{rel}","templated":true}]}}