{"id":1996,"date":"2023-11-19T17:40:56","date_gmt":"2023-11-19T16:40:56","guid":{"rendered":"https:\/\/www.sksfrancepresernnis.org.rs\/?p=1996"},"modified":"2023-11-24T21:17:41","modified_gmt":"2023-11-24T20:17:41","slug":"promocija-knjige-slovenci-v-srbiji-pod-nemsko-okupacijo-1941-1944-v-sarajevu","status":"publish","type":"post","link":"https:\/\/www.sksfrancepresernnis.org.rs\/index.php\/2023\/11\/19\/promocija-knjige-slovenci-v-srbiji-pod-nemsko-okupacijo-1941-1944-v-sarajevu\/","title":{"rendered":"Promocija knjige &#8220;Slovenci v Srbiji pod nem\u0161ko okupacijo 1941 \u2013 1944&#8221; v Sarajevu"},"content":{"rendered":"\n<p>Promocija knjige <em>Slovenci v Srbiji pod nem\u0161ko okupacijo 1941 \u2013 1944<\/em> avtorice Ivane Gruden Milentijevi\u0107 je v organizaciji Slovenskega Cankarjevega dru\u0161tva iz Sarajeva in Slovenskega dru\u0161tva France Pre\u0161ern iz Ni\u0161a potekala 29. septembra letos v dvorana &#8220;Ivane Kobilce&#8221; v sklopu Veleposlani\u0161tva Republike Slovenije. Promocije so se udele\u017eili \u010dlani Cankarjevega dru\u0161tva, pa tudi prijatelji dru\u0161tva, ki jih tematika knjige zanima.<\/p>\n\n\n\n<p>Moderatorka promocije je bila Dina Maksumi\u0107, v uvodnem delu pa sta zbrane nagovorila predsednika dru\u0161tev Slovencev iz Ni\u0161a in Sarajeva, Ivica Gruden in Verica Djondo, ki sta poudarila dolgoletno sodelovanje teh dru\u0161tev. Avtorica knjige Ivana Gruden Milentijevi\u0107 je predstavila monografijo, posve\u010deno vsem padlim Slovencem v Srbiji med drugo svetovno vojno in njihovim potomcem. Poudarila je, da monografija predstavlja sublimirane podatke iz arhivov v Srbiji in Sloveniji ter literaturo, povezano s to tematiko, in je rezultat dolgoletnega raziskovanja. Spregovorila je tudi o svojem poznanstvu z \u017delimirjem \u017dilnikom, sinom Konrada \u017dilnika, in njegovi podpori pri nastanku tega dela ter razlogih, zakaj se je odlo\u010dila, da mu posveti monografijo.<\/p>\n\n\n\n<figure class=\"wp-block-image size-large\"><img decoding=\"async\" loading=\"lazy\" width=\"1024\" height=\"768\" src=\"https:\/\/www.sksfrancepresernnis.org.rs\/wp-content\/uploads\/2023\/11\/sarajevo-1-1024x768.jpg\" alt=\"\" class=\"wp-image-1997\" srcset=\"https:\/\/www.sksfrancepresernnis.org.rs\/wp-content\/uploads\/2023\/11\/sarajevo-1-1024x768.jpg 1024w, https:\/\/www.sksfrancepresernnis.org.rs\/wp-content\/uploads\/2023\/11\/sarajevo-1-300x225.jpg 300w, https:\/\/www.sksfrancepresernnis.org.rs\/wp-content\/uploads\/2023\/11\/sarajevo-1-768x576.jpg 768w, https:\/\/www.sksfrancepresernnis.org.rs\/wp-content\/uploads\/2023\/11\/sarajevo-1-1536x1152.jpg 1536w, https:\/\/www.sksfrancepresernnis.org.rs\/wp-content\/uploads\/2023\/11\/sarajevo-1-640x480.jpg 640w, https:\/\/www.sksfrancepresernnis.org.rs\/wp-content\/uploads\/2023\/11\/sarajevo-1.jpg 1600w\" sizes=\"(max-width: 1024px) 100vw, 1024px\" \/><\/figure>\n\n\n\n<p>Do naslednjega mesta in prilo\u017enosti da monografijo predstavimo novemu ob\u010dinstvu, prena\u0161amo pozdrave iz prelepega Sarajeva in se zahvaljujemo prijaznim gostiteljem iz Dru\u0161tva Cankar Slovenije.<\/p>\n\n\n\n<p>Ivana Gruden Milentijevi\u0107<\/p>\n\n\n\n<figure class=\"wp-block-image size-large\"><img decoding=\"async\" loading=\"lazy\" width=\"768\" height=\"1024\" src=\"https:\/\/www.sksfrancepresernnis.org.rs\/wp-content\/uploads\/2023\/11\/sarajevo-2-768x1024.jpg\" alt=\"\" class=\"wp-image-1998\" srcset=\"https:\/\/www.sksfrancepresernnis.org.rs\/wp-content\/uploads\/2023\/11\/sarajevo-2-768x1024.jpg 768w, https:\/\/www.sksfrancepresernnis.org.rs\/wp-content\/uploads\/2023\/11\/sarajevo-2-225x300.jpg 225w, https:\/\/www.sksfrancepresernnis.org.rs\/wp-content\/uploads\/2023\/11\/sarajevo-2-1152x1536.jpg 1152w, https:\/\/www.sksfrancepresernnis.org.rs\/wp-content\/uploads\/2023\/11\/sarajevo-2.jpg 1350w\" sizes=\"(max-width: 768px) 100vw, 768px\" \/><\/figure>\n","protected":false},"excerpt":{"rendered":"<p>Promocija knjige Slovenci v Srbiji pod nem\u0161ko okupacijo 1941 \u2013 1944 avtorice Ivane Gruden Milentijevi\u0107 je v organizaciji Slovenskega Cankarjevega dru\u0161tva iz Sarajeva in Slovenskega dru\u0161tva France Pre\u0161ern iz Ni\u0161a potekala 29. septembra letos v dvorana &#8220;Ivane Kobilce&#8221; v sklopu Veleposlani\u0161tva Republike Slovenije. Promocije so se udele\u017eili \u010dlani Cankarjevega dru\u0161tva, pa tudi prijatelji dru\u0161tva, ki [&hellip;]<\/p>\n","protected":false},"author":8,"featured_media":1999,"comment_status":"closed","ping_status":"open","sticky":false,"template":"","format":"standard","meta":[],"categories":[6],"tags":[389,64,108,17,367,15],"_links":{"self":[{"href":"https:\/\/www.sksfrancepresernnis.org.rs\/index.php\/wp-json\/wp\/v2\/posts\/1996"}],"collection":[{"href":"https:\/\/www.sksfrancepresernnis.org.rs\/index.php\/wp-json\/wp\/v2\/posts"}],"about":[{"href":"https:\/\/www.sksfrancepresernnis.org.rs\/index.php\/wp-json\/wp\/v2\/types\/post"}],"author":[{"embeddable":true,"href":"https:\/\/www.sksfrancepresernnis.org.rs\/index.php\/wp-json\/wp\/v2\/users\/8"}],"replies":[{"embeddable":true,"href":"https:\/\/www.sksfrancepresernnis.org.rs\/index.php\/wp-json\/wp\/v2\/comments?post=1996"}],"version-history":[{"count":2,"href":"https:\/\/www.sksfrancepresernnis.org.rs\/index.php\/wp-json\/wp\/v2\/posts\/1996\/revisions"}],"predecessor-version":[{"id":2004,"href":"https:\/\/www.sksfrancepresernnis.org.rs\/index.php\/wp-json\/wp\/v2\/posts\/1996\/revisions\/2004"}],"wp:featuredmedia":[{"embeddable":true,"href":"https:\/\/www.sksfrancepresernnis.org.rs\/index.php\/wp-json\/wp\/v2\/media\/1999"}],"wp:attachment":[{"href":"https:\/\/www.sksfrancepresernnis.org.rs\/index.php\/wp-json\/wp\/v2\/media?parent=1996"}],"wp:term":[{"taxonomy":"category","embeddable":true,"href":"https:\/\/www.sksfrancepresernnis.org.rs\/index.php\/wp-json\/wp\/v2\/categories?post=1996"},{"taxonomy":"post_tag","embeddable":true,"href":"https:\/\/www.sksfrancepresernnis.org.rs\/index.php\/wp-json\/wp\/v2\/tags?post=1996"}],"curies":[{"name":"wp","href":"https:\/\/api.w.org\/{rel}","templated":true}]}}