{"id":1917,"date":"2022-12-16T14:37:11","date_gmt":"2022-12-16T13:37:11","guid":{"rendered":"https:\/\/www.sksfrancepresernnis.org.rs\/?p=1917"},"modified":"2022-12-16T14:38:02","modified_gmt":"2022-12-16T13:38:02","slug":"promocija-knjige-slovenci-v-srbiji-pod-nemsko-okupacijo-1941-1944","status":"publish","type":"post","link":"https:\/\/www.sksfrancepresernnis.org.rs\/index.php\/2022\/12\/16\/promocija-knjige-slovenci-v-srbiji-pod-nemsko-okupacijo-1941-1944\/","title":{"rendered":"Promocija knjige &#8220;Slovenci v Srbiji pod nem\u0161ko okupacijo 1941-1944&#8221;"},"content":{"rendered":"\n<figure class=\"is-layout-flex wp-block-gallery-1 wp-block-gallery columns-2 is-cropped\"><ul class=\"blocks-gallery-grid\"><li class=\"blocks-gallery-item\"><figure><img decoding=\"async\" loading=\"lazy\" width=\"1024\" height=\"768\" src=\"https:\/\/www.sksfrancepresernnis.org.rs\/wp-content\/uploads\/2022\/12\/IMG-411e3d7f8e4efe3374c6248fe278891a-V-1024x768.jpg\" alt=\"\" data-id=\"1919\" data-full-url=\"https:\/\/www.sksfrancepresernnis.org.rs\/wp-content\/uploads\/2022\/12\/IMG-411e3d7f8e4efe3374c6248fe278891a-V.jpg\" data-link=\"https:\/\/www.sksfrancepresernnis.org.rs\/img-411e3d7f8e4efe3374c6248fe278891a-v\/\" class=\"wp-image-1919\" srcset=\"https:\/\/www.sksfrancepresernnis.org.rs\/wp-content\/uploads\/2022\/12\/IMG-411e3d7f8e4efe3374c6248fe278891a-V-1024x768.jpg 1024w, https:\/\/www.sksfrancepresernnis.org.rs\/wp-content\/uploads\/2022\/12\/IMG-411e3d7f8e4efe3374c6248fe278891a-V-300x225.jpg 300w, https:\/\/www.sksfrancepresernnis.org.rs\/wp-content\/uploads\/2022\/12\/IMG-411e3d7f8e4efe3374c6248fe278891a-V-768x576.jpg 768w, https:\/\/www.sksfrancepresernnis.org.rs\/wp-content\/uploads\/2022\/12\/IMG-411e3d7f8e4efe3374c6248fe278891a-V-1536x1152.jpg 1536w, https:\/\/www.sksfrancepresernnis.org.rs\/wp-content\/uploads\/2022\/12\/IMG-411e3d7f8e4efe3374c6248fe278891a-V-640x480.jpg 640w, https:\/\/www.sksfrancepresernnis.org.rs\/wp-content\/uploads\/2022\/12\/IMG-411e3d7f8e4efe3374c6248fe278891a-V.jpg 1600w\" sizes=\"(max-width: 1024px) 100vw, 1024px\" \/><\/figure><\/li><li class=\"blocks-gallery-item\"><figure><img decoding=\"async\" loading=\"lazy\" width=\"1024\" height=\"768\" src=\"https:\/\/www.sksfrancepresernnis.org.rs\/wp-content\/uploads\/2022\/12\/IMG_20220616_192254-1024x768.jpg\" alt=\"\" data-id=\"1918\" data-full-url=\"https:\/\/www.sksfrancepresernnis.org.rs\/wp-content\/uploads\/2022\/12\/IMG_20220616_192254-scaled.jpg\" data-link=\"https:\/\/www.sksfrancepresernnis.org.rs\/smart-5\/\" class=\"wp-image-1918\" srcset=\"https:\/\/www.sksfrancepresernnis.org.rs\/wp-content\/uploads\/2022\/12\/IMG_20220616_192254-1024x768.jpg 1024w, https:\/\/www.sksfrancepresernnis.org.rs\/wp-content\/uploads\/2022\/12\/IMG_20220616_192254-300x225.jpg 300w, https:\/\/www.sksfrancepresernnis.org.rs\/wp-content\/uploads\/2022\/12\/IMG_20220616_192254-768x576.jpg 768w, https:\/\/www.sksfrancepresernnis.org.rs\/wp-content\/uploads\/2022\/12\/IMG_20220616_192254-1536x1152.jpg 1536w, https:\/\/www.sksfrancepresernnis.org.rs\/wp-content\/uploads\/2022\/12\/IMG_20220616_192254-2048x1536.jpg 2048w, https:\/\/www.sksfrancepresernnis.org.rs\/wp-content\/uploads\/2022\/12\/IMG_20220616_192254-640x480.jpg 640w\" sizes=\"(max-width: 1024px) 100vw, 1024px\" \/><figcaption class=\"blocks-gallery-item__caption\">smart<\/figcaption><\/figure><\/li><\/ul><\/figure>\n\n\n\n<p>Monografija &#8220;Slovenci v Srbiji pod nem\u0161ko okupacijo 1941-1944&#8221; Ivane Gruden Milentijevi\u0107 je nastal po dolgoletnem avtorjevem raziskovanju omenjene teme v Srbiji in Sloveniji. Knjiga je rezultat istoimenskega projekta, ki so ga finan\u010dno podprli Ministrstvo za kulturo in informiranje Republike Srbije, Nacionalni svet slovenske nacionalne manj\u0161ine v Srbiji in Urad Vlade Republike Slovenije za Slovence v zamejstvu in po svetu.<\/p>\n\n\n\n<p>Na povabilo Veleposlani\u0161tva Srbije v Sloveniji smo monografijo promovirali v Sloveniji v okviru Dneva srbske kulture v Sloveniji junija 2022, kot projekt registriran pri URAD-u za leto 2022.. Na promociji je poleg avtorja monografije spregovoril tudi proslavljeni filmski re\u017eiser \u017delimir \u017dilnik, ki mu je monografija i posve\u010dena. V imenu dru\u017ebe SKS France Pre\u0161eren je zbrane nagovoril Ivica Gruden, kot predsednik dru\u017ebe.<\/p>\n\n\n\n<p>Promocija monografije se je za\u010dela v Novem Sadu v organizaciji dru\u0161tva Kredarica. U neformalnem dru\u017eenju v prostorih dru\u0161tva je avtor poskusil predstaviti najpomembnej\u0161e dele monografije in odgovori na vpra\u0161anja prisotnih.<\/p>\n\n\n\n<p>Drugi dan promocije je potekal v Slavnostni dvorani Mestne hi\u0161e v Ljubljani. To je napredovanje<\/p>\n\n\n\n<p>organizirano v sodelovanju Veleposlani\u0161tva Srbije v Sloveniji in Srbskega dru\u0161tva iz Ljubljane. Moderator je bila Sa\u0161a Lubej, novinarka RTV Slovenija.<\/p>\n\n\n\n<p>Po Ljubljani smo se preselili v Celje, kjer je SKHD Desanka Maksimovi\u0107 organizirala tretji promocijski dan. Moderator je bil dr Bo\u017eidar Veljkovi\u0107, profesor na Filozofski fakulteti v Mariboru.<\/p>\n\n\n\n<figure class=\"is-layout-flex wp-block-gallery-3 wp-block-gallery columns-2 is-cropped\"><ul class=\"blocks-gallery-grid\"><li class=\"blocks-gallery-item\"><figure><img decoding=\"async\" loading=\"lazy\" width=\"1024\" height=\"576\" src=\"https:\/\/www.sksfrancepresernnis.org.rs\/wp-content\/uploads\/2022\/12\/IMG-2abafe2643a5b06b497e7700597037a2-V-1024x576.jpg\" alt=\"\" data-id=\"1921\" data-full-url=\"https:\/\/www.sksfrancepresernnis.org.rs\/wp-content\/uploads\/2022\/12\/IMG-2abafe2643a5b06b497e7700597037a2-V.jpg\" data-link=\"https:\/\/www.sksfrancepresernnis.org.rs\/img-2abafe2643a5b06b497e7700597037a2-v\/\" class=\"wp-image-1921\" srcset=\"https:\/\/www.sksfrancepresernnis.org.rs\/wp-content\/uploads\/2022\/12\/IMG-2abafe2643a5b06b497e7700597037a2-V-1024x576.jpg 1024w, https:\/\/www.sksfrancepresernnis.org.rs\/wp-content\/uploads\/2022\/12\/IMG-2abafe2643a5b06b497e7700597037a2-V-300x169.jpg 300w, https:\/\/www.sksfrancepresernnis.org.rs\/wp-content\/uploads\/2022\/12\/IMG-2abafe2643a5b06b497e7700597037a2-V-768x432.jpg 768w, https:\/\/www.sksfrancepresernnis.org.rs\/wp-content\/uploads\/2022\/12\/IMG-2abafe2643a5b06b497e7700597037a2-V-1536x864.jpg 1536w, https:\/\/www.sksfrancepresernnis.org.rs\/wp-content\/uploads\/2022\/12\/IMG-2abafe2643a5b06b497e7700597037a2-V.jpg 1600w\" sizes=\"(max-width: 1024px) 100vw, 1024px\" \/><\/figure><\/li><li class=\"blocks-gallery-item\"><figure><img decoding=\"async\" loading=\"lazy\" width=\"1024\" height=\"576\" src=\"https:\/\/www.sksfrancepresernnis.org.rs\/wp-content\/uploads\/2022\/12\/IMG-fb6b12f5d1f1cca381b38a3775abf7a6-V-1024x576.jpg\" alt=\"\" data-id=\"1920\" data-full-url=\"https:\/\/www.sksfrancepresernnis.org.rs\/wp-content\/uploads\/2022\/12\/IMG-fb6b12f5d1f1cca381b38a3775abf7a6-V.jpg\" data-link=\"https:\/\/www.sksfrancepresernnis.org.rs\/img-fb6b12f5d1f1cca381b38a3775abf7a6-v\/\" class=\"wp-image-1920\" srcset=\"https:\/\/www.sksfrancepresernnis.org.rs\/wp-content\/uploads\/2022\/12\/IMG-fb6b12f5d1f1cca381b38a3775abf7a6-V-1024x576.jpg 1024w, https:\/\/www.sksfrancepresernnis.org.rs\/wp-content\/uploads\/2022\/12\/IMG-fb6b12f5d1f1cca381b38a3775abf7a6-V-300x169.jpg 300w, https:\/\/www.sksfrancepresernnis.org.rs\/wp-content\/uploads\/2022\/12\/IMG-fb6b12f5d1f1cca381b38a3775abf7a6-V-768x432.jpg 768w, https:\/\/www.sksfrancepresernnis.org.rs\/wp-content\/uploads\/2022\/12\/IMG-fb6b12f5d1f1cca381b38a3775abf7a6-V-1536x864.jpg 1536w, https:\/\/www.sksfrancepresernnis.org.rs\/wp-content\/uploads\/2022\/12\/IMG-fb6b12f5d1f1cca381b38a3775abf7a6-V.jpg 1600w\" sizes=\"(max-width: 1024px) 100vw, 1024px\" \/><\/figure><\/li><\/ul><\/figure>\n\n\n\n<p>\u0160e posebej zanimiv je bil \u010detrti dan promocije v Slavnostni dvorani Filozofske fakultete v Mariboru, ki ga je povezoval radijski novinar Stane Kocutar. Celoten pogovor je prena\u0161al Radio Maribor. Na promociji je bil tudi eden od potomcev dru\u017eine \u0160aubah, ki so se preselili v Draga\u010devo med drugo svetovno vojno.<\/p>\n\n\n\n<p>Zadnja moderatorka, moja kolegica kustosinja Alma Javornik, mi je bila \u0161e posebej pri srcu. Promocijo je organizirala v Muzeju Velenje v okviru dogodkov Poletne muzejske no\u010di.<\/p>\n\n\n\n<p>Promocije knjige se je v teh dneh udele\u017eilo okoli 200 ljudi. Zame kot raziskovalca je to zelo velik uspeh, tako v svojem imenu kot tudi v imenu SKS France Pre\u0161eren \u010dutim da se moram zahvaliti Uradu za Slovence v zamejstvu in po svetu, kar je prav razumel pomen te promocije in finan\u010dno podprl na\u0161 projekt. Veliko zahvalo dolgujem tudi sodelavcem iz arhivov in muzejev Srbije in Slovenije, brez katerih bi bilo skoraj nemogo\u010de dokon\u010dati raziskavo v predvidenem roku.<\/p>\n","protected":false},"excerpt":{"rendered":"<p>Monografija &#8220;Slovenci v Srbiji pod nem\u0161ko okupacijo 1941-1944&#8221; Ivane Gruden Milentijevi\u0107 je nastal po dolgoletnem avtorjevem raziskovanju omenjene teme v Srbiji in Sloveniji. Knjiga je rezultat istoimenskega projekta, ki so ga finan\u010dno podprli Ministrstvo za kulturo in informiranje Republike Srbije, Nacionalni svet slovenske nacionalne manj\u0161ine v Srbiji in Urad Vlade Republike Slovenije za Slovence v [&hellip;]<\/p>\n","protected":false},"author":8,"featured_media":1920,"comment_status":"closed","ping_status":"open","sticky":false,"template":"","format":"standard","meta":[],"categories":[6],"tags":[21,64,366,17,367,15],"_links":{"self":[{"href":"https:\/\/www.sksfrancepresernnis.org.rs\/index.php\/wp-json\/wp\/v2\/posts\/1917"}],"collection":[{"href":"https:\/\/www.sksfrancepresernnis.org.rs\/index.php\/wp-json\/wp\/v2\/posts"}],"about":[{"href":"https:\/\/www.sksfrancepresernnis.org.rs\/index.php\/wp-json\/wp\/v2\/types\/post"}],"author":[{"embeddable":true,"href":"https:\/\/www.sksfrancepresernnis.org.rs\/index.php\/wp-json\/wp\/v2\/users\/8"}],"replies":[{"embeddable":true,"href":"https:\/\/www.sksfrancepresernnis.org.rs\/index.php\/wp-json\/wp\/v2\/comments?post=1917"}],"version-history":[{"count":1,"href":"https:\/\/www.sksfrancepresernnis.org.rs\/index.php\/wp-json\/wp\/v2\/posts\/1917\/revisions"}],"predecessor-version":[{"id":1922,"href":"https:\/\/www.sksfrancepresernnis.org.rs\/index.php\/wp-json\/wp\/v2\/posts\/1917\/revisions\/1922"}],"wp:featuredmedia":[{"embeddable":true,"href":"https:\/\/www.sksfrancepresernnis.org.rs\/index.php\/wp-json\/wp\/v2\/media\/1920"}],"wp:attachment":[{"href":"https:\/\/www.sksfrancepresernnis.org.rs\/index.php\/wp-json\/wp\/v2\/media?parent=1917"}],"wp:term":[{"taxonomy":"category","embeddable":true,"href":"https:\/\/www.sksfrancepresernnis.org.rs\/index.php\/wp-json\/wp\/v2\/categories?post=1917"},{"taxonomy":"post_tag","embeddable":true,"href":"https:\/\/www.sksfrancepresernnis.org.rs\/index.php\/wp-json\/wp\/v2\/tags?post=1917"}],"curies":[{"name":"wp","href":"https:\/\/api.w.org\/{rel}","templated":true}]}}