{"id":1845,"date":"2022-08-19T18:12:35","date_gmt":"2022-08-19T16:12:35","guid":{"rendered":"https:\/\/www.sksfrancepresernnis.org.rs\/?p=1845"},"modified":"2022-08-19T18:46:57","modified_gmt":"2022-08-19T16:46:57","slug":"svecano-urucenje-slovenackih-drzavljanstava","status":"publish","type":"post","link":"https:\/\/www.sksfrancepresernnis.org.rs\/index.php\/2022\/08\/19\/svecano-urucenje-slovenackih-drzavljanstava\/","title":{"rendered":"Sve\u010dano uru\u010denje slovena\u010dkih dr\u017eavljanstava"},"content":{"rendered":"\n<h2>Sve\u010dano je bilo u petak, 19. avgusta u prostorijama SKS France Pre\u0161eren, kada je \u0161estoro na\u0161ih \u010dlanova ispunilo uslove i dobilo slovena\u010dko dr\u017eavljanstvo. \u010clanovima je \u010destitao konzul Republike Slovenije u Beogradu, Primo\u017e Kri\u017eaj.<\/h2>\n\n\n\n<figure class=\"wp-block-image size-large\"><img decoding=\"async\" loading=\"lazy\" width=\"1024\" height=\"576\" src=\"https:\/\/www.sksfrancepresernnis.org.rs\/wp-content\/uploads\/2022\/08\/299601504_790993185378583_2669403264071400369_n-1024x576.jpg\" alt=\"\" class=\"wp-image-1858\" srcset=\"https:\/\/www.sksfrancepresernnis.org.rs\/wp-content\/uploads\/2022\/08\/299601504_790993185378583_2669403264071400369_n-1024x576.jpg 1024w, https:\/\/www.sksfrancepresernnis.org.rs\/wp-content\/uploads\/2022\/08\/299601504_790993185378583_2669403264071400369_n-300x169.jpg 300w, https:\/\/www.sksfrancepresernnis.org.rs\/wp-content\/uploads\/2022\/08\/299601504_790993185378583_2669403264071400369_n-768x432.jpg 768w, https:\/\/www.sksfrancepresernnis.org.rs\/wp-content\/uploads\/2022\/08\/299601504_790993185378583_2669403264071400369_n-1536x864.jpg 1536w, https:\/\/www.sksfrancepresernnis.org.rs\/wp-content\/uploads\/2022\/08\/299601504_790993185378583_2669403264071400369_n.jpg 1920w\" sizes=\"(max-width: 1024px) 100vw, 1024px\" \/><\/figure>\n\n\n\n<blockquote class=\"wp-block-quote\"><p>Uz zvuke slovena\u010dke himne i \u010ditanje prisege (zakletve) slovena\u010dka dr\u017eavljanstva dobili su \u010dlanovi SKS &#8220;France Pre\u0161eren&#8221; Du\u0161an Miljkovi\u0107, Du\u0161an Slavkovi\u0107, Mihailo Vagaja, Milena Bizjak, Stevan Slavkovi\u0107, Marko Filipovi\u0107 i Olivera Stankovi\u0107. <\/p><\/blockquote>\n\n\n\n<p>Njima je prvi \u010destitao konzul Republike Slovenije u Beogradu Primo\u017e Kri\u017eaj koji je u Ni\u0161 do\u0161ao samo zbog ovog lepog povoda.<\/p>\n\n\n\n<figure class=\"wp-block-image size-large\"><img decoding=\"async\" loading=\"lazy\" width=\"1024\" height=\"774\" src=\"https:\/\/www.sksfrancepresernnis.org.rs\/wp-content\/uploads\/2022\/08\/20220819_163709-1-1024x774.jpg\" alt=\"\" class=\"wp-image-1846\" srcset=\"https:\/\/www.sksfrancepresernnis.org.rs\/wp-content\/uploads\/2022\/08\/20220819_163709-1-1024x774.jpg 1024w, https:\/\/www.sksfrancepresernnis.org.rs\/wp-content\/uploads\/2022\/08\/20220819_163709-1-300x227.jpg 300w, https:\/\/www.sksfrancepresernnis.org.rs\/wp-content\/uploads\/2022\/08\/20220819_163709-1-768x581.jpg 768w, https:\/\/www.sksfrancepresernnis.org.rs\/wp-content\/uploads\/2022\/08\/20220819_163709-1-1536x1161.jpg 1536w, https:\/\/www.sksfrancepresernnis.org.rs\/wp-content\/uploads\/2022\/08\/20220819_163709-1-2048x1548.jpg 2048w\" sizes=\"(max-width: 1024px) 100vw, 1024px\" \/><figcaption>Konzul Primo\u017e Kri\u017eaj <\/figcaption><\/figure>\n\n\n\n<p>On je u pozdravnoj re\u010di novim dr\u017eavljanima Slovenije po\u017eeleo da nastave da u\u010de i neguju slovena\u010dki jezik i kulturu, kao i da nastave sa odr\u017eavanjem veza sa Slovenijom koja je zemlja njihovih predaka.<\/p>\n\n\n\n<p>U ime SKS &#8220;France Pre\u0161eren&#8221; novim slovena\u010dkim dr\u017eavljanima \u010destitke je uputio i predsednik Ivica Gruden.<\/p>\n\n\n\n<p>\u010cestitamo!<\/p>\n\n\n\n<figure class=\"wp-block-image size-large\"><img decoding=\"async\" loading=\"lazy\" width=\"1024\" height=\"576\" src=\"https:\/\/www.sksfrancepresernnis.org.rs\/wp-content\/uploads\/2022\/08\/20220819_163615-1024x576.jpg\" alt=\"\" class=\"wp-image-1847\" srcset=\"https:\/\/www.sksfrancepresernnis.org.rs\/wp-content\/uploads\/2022\/08\/20220819_163615-1024x576.jpg 1024w, https:\/\/www.sksfrancepresernnis.org.rs\/wp-content\/uploads\/2022\/08\/20220819_163615-300x169.jpg 300w, https:\/\/www.sksfrancepresernnis.org.rs\/wp-content\/uploads\/2022\/08\/20220819_163615-768x432.jpg 768w, https:\/\/www.sksfrancepresernnis.org.rs\/wp-content\/uploads\/2022\/08\/20220819_163615-1536x864.jpg 1536w, https:\/\/www.sksfrancepresernnis.org.rs\/wp-content\/uploads\/2022\/08\/20220819_163615-2048x1152.jpg 2048w\" sizes=\"(max-width: 1024px) 100vw, 1024px\" \/><\/figure>\n\n\n\n<figure class=\"wp-block-image size-large\"><img decoding=\"async\" loading=\"lazy\" width=\"1024\" height=\"576\" src=\"https:\/\/www.sksfrancepresernnis.org.rs\/wp-content\/uploads\/2022\/08\/20220819_164516-1024x576.jpg\" alt=\"\" class=\"wp-image-1851\" srcset=\"https:\/\/www.sksfrancepresernnis.org.rs\/wp-content\/uploads\/2022\/08\/20220819_164516-1024x576.jpg 1024w, https:\/\/www.sksfrancepresernnis.org.rs\/wp-content\/uploads\/2022\/08\/20220819_164516-300x169.jpg 300w, https:\/\/www.sksfrancepresernnis.org.rs\/wp-content\/uploads\/2022\/08\/20220819_164516-768x432.jpg 768w, https:\/\/www.sksfrancepresernnis.org.rs\/wp-content\/uploads\/2022\/08\/20220819_164516-1536x864.jpg 1536w, https:\/\/www.sksfrancepresernnis.org.rs\/wp-content\/uploads\/2022\/08\/20220819_164516-2048x1152.jpg 2048w\" sizes=\"(max-width: 1024px) 100vw, 1024px\" \/><\/figure>\n\n\n\n<figure class=\"wp-block-image size-large\"><img decoding=\"async\" loading=\"lazy\" width=\"1024\" height=\"768\" src=\"https:\/\/www.sksfrancepresernnis.org.rs\/wp-content\/uploads\/2022\/08\/299469482_1023623888324747_2342186675112611980_n-1024x768.jpg\" alt=\"\" class=\"wp-image-1853\" srcset=\"https:\/\/www.sksfrancepresernnis.org.rs\/wp-content\/uploads\/2022\/08\/299469482_1023623888324747_2342186675112611980_n-1024x768.jpg 1024w, https:\/\/www.sksfrancepresernnis.org.rs\/wp-content\/uploads\/2022\/08\/299469482_1023623888324747_2342186675112611980_n-300x225.jpg 300w, https:\/\/www.sksfrancepresernnis.org.rs\/wp-content\/uploads\/2022\/08\/299469482_1023623888324747_2342186675112611980_n-768x576.jpg 768w, https:\/\/www.sksfrancepresernnis.org.rs\/wp-content\/uploads\/2022\/08\/299469482_1023623888324747_2342186675112611980_n-1536x1152.jpg 1536w, https:\/\/www.sksfrancepresernnis.org.rs\/wp-content\/uploads\/2022\/08\/299469482_1023623888324747_2342186675112611980_n-640x480.jpg 640w, https:\/\/www.sksfrancepresernnis.org.rs\/wp-content\/uploads\/2022\/08\/299469482_1023623888324747_2342186675112611980_n.jpg 2048w\" sizes=\"(max-width: 1024px) 100vw, 1024px\" \/><\/figure>\n\n\n\n<figure class=\"wp-block-image size-large\"><img decoding=\"async\" loading=\"lazy\" width=\"1024\" height=\"706\" src=\"https:\/\/www.sksfrancepresernnis.org.rs\/wp-content\/uploads\/2022\/08\/299886897_475412967392256_4854537655787949751_n-1024x706.jpg\" alt=\"\" class=\"wp-image-1854\" srcset=\"https:\/\/www.sksfrancepresernnis.org.rs\/wp-content\/uploads\/2022\/08\/299886897_475412967392256_4854537655787949751_n-1024x706.jpg 1024w, https:\/\/www.sksfrancepresernnis.org.rs\/wp-content\/uploads\/2022\/08\/299886897_475412967392256_4854537655787949751_n-300x207.jpg 300w, https:\/\/www.sksfrancepresernnis.org.rs\/wp-content\/uploads\/2022\/08\/299886897_475412967392256_4854537655787949751_n-768x529.jpg 768w, https:\/\/www.sksfrancepresernnis.org.rs\/wp-content\/uploads\/2022\/08\/299886897_475412967392256_4854537655787949751_n-1536x1058.jpg 1536w, https:\/\/www.sksfrancepresernnis.org.rs\/wp-content\/uploads\/2022\/08\/299886897_475412967392256_4854537655787949751_n.jpg 2048w\" sizes=\"(max-width: 1024px) 100vw, 1024px\" \/><\/figure>\n\n\n\n<figure class=\"wp-block-image\"><img alt=\"\"\/><\/figure>\n","protected":false},"excerpt":{"rendered":"<p>Sve\u010dano je bilo u petak, 19. avgusta u prostorijama SKS France Pre\u0161eren, kada je \u0161estoro na\u0161ih \u010dlanova ispunilo uslove i dobilo slovena\u010dko dr\u017eavljanstvo. \u010clanovima je \u010destitao konzul Republike Slovenije u Beogradu, Primo\u017e Kri\u017eaj. Uz zvuke slovena\u010dke himne i \u010ditanje prisege (zakletve) slovena\u010dka dr\u017eavljanstva dobili su \u010dlanovi SKS &#8220;France Pre\u0161eren&#8221; Du\u0161an Miljkovi\u0107, Du\u0161an Slavkovi\u0107, Mihailo Vagaja, [&hellip;]<\/p>\n","protected":false},"author":11,"featured_media":1848,"comment_status":"closed","ping_status":"open","sticky":false,"template":"","format":"standard","meta":[],"categories":[6],"tags":[349,348,350,346],"_links":{"self":[{"href":"https:\/\/www.sksfrancepresernnis.org.rs\/index.php\/wp-json\/wp\/v2\/posts\/1845"}],"collection":[{"href":"https:\/\/www.sksfrancepresernnis.org.rs\/index.php\/wp-json\/wp\/v2\/posts"}],"about":[{"href":"https:\/\/www.sksfrancepresernnis.org.rs\/index.php\/wp-json\/wp\/v2\/types\/post"}],"author":[{"embeddable":true,"href":"https:\/\/www.sksfrancepresernnis.org.rs\/index.php\/wp-json\/wp\/v2\/users\/11"}],"replies":[{"embeddable":true,"href":"https:\/\/www.sksfrancepresernnis.org.rs\/index.php\/wp-json\/wp\/v2\/comments?post=1845"}],"version-history":[{"count":5,"href":"https:\/\/www.sksfrancepresernnis.org.rs\/index.php\/wp-json\/wp\/v2\/posts\/1845\/revisions"}],"predecessor-version":[{"id":1861,"href":"https:\/\/www.sksfrancepresernnis.org.rs\/index.php\/wp-json\/wp\/v2\/posts\/1845\/revisions\/1861"}],"wp:featuredmedia":[{"embeddable":true,"href":"https:\/\/www.sksfrancepresernnis.org.rs\/index.php\/wp-json\/wp\/v2\/media\/1848"}],"wp:attachment":[{"href":"https:\/\/www.sksfrancepresernnis.org.rs\/index.php\/wp-json\/wp\/v2\/media?parent=1845"}],"wp:term":[{"taxonomy":"category","embeddable":true,"href":"https:\/\/www.sksfrancepresernnis.org.rs\/index.php\/wp-json\/wp\/v2\/categories?post=1845"},{"taxonomy":"post_tag","embeddable":true,"href":"https:\/\/www.sksfrancepresernnis.org.rs\/index.php\/wp-json\/wp\/v2\/tags?post=1845"}],"curies":[{"name":"wp","href":"https:\/\/api.w.org\/{rel}","templated":true}]}}