{"id":1760,"date":"2022-04-12T18:04:36","date_gmt":"2022-04-12T16:04:36","guid":{"rendered":"https:\/\/www.sksfrancepresernnis.org.rs\/?p=1760"},"modified":"2022-04-12T18:04:38","modified_gmt":"2022-04-12T16:04:38","slug":"vabilo-v-pleternisko-domacijo-v-pisecah","status":"publish","type":"post","link":"https:\/\/www.sksfrancepresernnis.org.rs\/index.php\/2022\/04\/12\/vabilo-v-pleternisko-domacijo-v-pisecah\/","title":{"rendered":"Vabilo v Pleterni\u0161ko doma\u010dijo v Pi\u0161ecah"},"content":{"rendered":"\n<p>Pozdravljeni,<\/p>\n\n\n\n<p>Dru\u0161tvo Pleter\u0161nikova doma\u010dija Pi\u0161ece letos ponovno organizira bivanje slovenskih skupin oz. dru\u017ein, ki \u017eivijo izven domovine ter bivanje mladih Slovencev, ki \u017eivijo izven domovine, in \u017ee \u0161tudirajo v Sloveniji ali pa jih zanima nadaljevanje \u0161tudija na eni od slovenskih univerz.<br><br>Veseli nas, da lahko tudi na ta na\u010din do\u017eivite na\u0161o skupno domovino in za\u010dutite pristno slovensko pokrajino. Projekta Moja hi\u0161a je tvoj dom in Od Maksa do faksa finan\u010dno podpira Urad za Slovence v zamejstvu in po svetu, zato z veseljem posredujemo vabilo v Pleter\u0161nikovo zidanico.<\/p>\n\n\n\n<p>V nadaljevanju obeh vabil sta tudi prijavnici. Ve\u010d informacij pa lahko dobite tudi na spletni strani dru\u0161tva.<br>Ve\u010d:<br><a rel=\"noreferrer noopener\" target=\"_blank\" href=\"https:\/\/www.pletersnikova-domacija.si\/projekti\/moja-hisa-je-tvoj-dom\/moja-hisa-je-tvoj-dom-2022\">https:\/\/www.pletersnikova-domacija.si\/projekti\/moja-hisa-je-tvoj-dom\/moja-hisa-je-tvoj-dom-2022<\/a><br><a rel=\"noreferrer noopener\" target=\"_blank\" href=\"https:\/\/www.pletersnikova-domacija.si\/projekti\/od-maksa-do-faksa\/od-maksa-do-faksa-2022\">https:\/\/www.pletersnikova-domacija.si\/projekti\/od-maksa-do-faksa\/od-maksa-do-faksa-2022<\/a><\/p>\n\n\n\n<p>Dru\u0161tvo Pleter\u0161nikova doma\u010dija Pi\u0161ece; Pi\u0161ece 4, 8255 Pi\u0161ece<br>e-po\u0161ta: &nbsp;dompisece@gmail.com<br>Facebook: Maks Pleter\u0161nik<\/p>\n\n\n\n<p>Prijazen pozdrav,<\/p>\n\n\n\n<p><br>Odnosi z javnostmi \/ Public relations<br><br>Urad Vlade RS za Slovence v zamejstvu in po svetu \/ Government&#8217;s Office for Sloveninas Abroad<br>Erjav\u010deva 15, 1000 Ljubljana<br>tel: +386 (01) 230 80 00 &nbsp;fax; +386 (01) 230 80 17<br><a>www.uszs.gov.si<\/a><br><a>www.slovenci.si<\/a><\/p>\n","protected":false},"excerpt":{"rendered":"<p>Pozdravljeni, Dru\u0161tvo Pleter\u0161nikova doma\u010dija Pi\u0161ece letos ponovno organizira bivanje slovenskih skupin oz. dru\u017ein, ki \u017eivijo izven domovine ter bivanje mladih Slovencev, ki \u017eivijo izven domovine, in \u017ee \u0161tudirajo v Sloveniji ali pa jih zanima nadaljevanje \u0161tudija na eni od slovenskih univerz. Veseli nas, da lahko tudi na ta na\u010din do\u017eivite na\u0161o skupno domovino in za\u010dutite [&hellip;]<\/p>\n","protected":false},"author":8,"featured_media":0,"comment_status":"closed","ping_status":"open","sticky":false,"template":"","format":"standard","meta":[],"categories":[7],"tags":[298,296,299,297,291],"_links":{"self":[{"href":"https:\/\/www.sksfrancepresernnis.org.rs\/index.php\/wp-json\/wp\/v2\/posts\/1760"}],"collection":[{"href":"https:\/\/www.sksfrancepresernnis.org.rs\/index.php\/wp-json\/wp\/v2\/posts"}],"about":[{"href":"https:\/\/www.sksfrancepresernnis.org.rs\/index.php\/wp-json\/wp\/v2\/types\/post"}],"author":[{"embeddable":true,"href":"https:\/\/www.sksfrancepresernnis.org.rs\/index.php\/wp-json\/wp\/v2\/users\/8"}],"replies":[{"embeddable":true,"href":"https:\/\/www.sksfrancepresernnis.org.rs\/index.php\/wp-json\/wp\/v2\/comments?post=1760"}],"version-history":[{"count":1,"href":"https:\/\/www.sksfrancepresernnis.org.rs\/index.php\/wp-json\/wp\/v2\/posts\/1760\/revisions"}],"predecessor-version":[{"id":1761,"href":"https:\/\/www.sksfrancepresernnis.org.rs\/index.php\/wp-json\/wp\/v2\/posts\/1760\/revisions\/1761"}],"wp:attachment":[{"href":"https:\/\/www.sksfrancepresernnis.org.rs\/index.php\/wp-json\/wp\/v2\/media?parent=1760"}],"wp:term":[{"taxonomy":"category","embeddable":true,"href":"https:\/\/www.sksfrancepresernnis.org.rs\/index.php\/wp-json\/wp\/v2\/categories?post=1760"},{"taxonomy":"post_tag","embeddable":true,"href":"https:\/\/www.sksfrancepresernnis.org.rs\/index.php\/wp-json\/wp\/v2\/tags?post=1760"}],"curies":[{"name":"wp","href":"https:\/\/api.w.org\/{rel}","templated":true}]}}