{"id":1728,"date":"2021-12-26T08:46:08","date_gmt":"2021-12-26T07:46:08","guid":{"rendered":"https:\/\/www.sksfrancepresernnis.org.rs\/?p=1728"},"modified":"2022-01-10T18:00:01","modified_gmt":"2022-01-10T17:00:01","slug":"najbolji-medu-nama-emilija-vagaja-doktorka-kovid-ambulante-doma-zdravlja-nis","status":"publish","type":"post","link":"https:\/\/www.sksfrancepresernnis.org.rs\/index.php\/2021\/12\/26\/najbolji-medu-nama-emilija-vagaja-doktorka-kovid-ambulante-doma-zdravlja-nis\/","title":{"rendered":"Najbolji me\u0111u nama: Emilija Vagaja, doktorka kovid ambulante Doma zdravlja Ni\u0161"},"content":{"rendered":"\n<h4>Po naslovnoj fotografiji mogla je da bude foto-model, ali nije. Ona je \u010detvrta generacija lekara u svojoj porodici, Emilija Vagaja, mlada dama krhke gra\u0111e i \u010deli\u010dne volje.<\/h4>\n\n\n\n<p>Pradeda Mihailo bio je vojni lekar, baka Milica \u2013 ginekolog, otac Mihailo \u2013 pedijatar, Emilija je bila okru\u017eena pri\u010dama iz doktorskih ordinacija od kada se rodila, zato ne treba da \u010dudi \u0161to je ba\u0161 medicina njen \u017eivotni poziv.<\/p>\n\n\n\n<blockquote class=\"wp-block-quote\"><p>Kako ka\u017ee moj struc Milan, u na\u0161oj familiji svi su nau\u010dnici ili umetnici. Od malena do upisa na fakultet svirala sam violinu, pevala, pisala, bavila se jahanjem, ali kad je do\u0161lo vreme za fakultet ljubav prema nauci i radu sa ljudima je prevagnula \u201c, ka\u017ee Ema.<\/p><\/blockquote>\n\n\n\n<p><strong>Ema je ro\u0111ena 1993. godine u Ni\u0161u, radi kao doktor medicine, izabrani lekar u Slu\u017ebi zdravstvene za\u0161tite odraslih i kovid zoni.<\/strong><\/p>\n\n\n\n<p>Nakon progla\u0161enja vanrednog stanja u Srbiji zbog epidemije korona virusom, skoro cele 2020. godine volontirala je u Zavodu za urgentnu medicinu Ni\u0161 i u crvenim zonama.<\/p>\n\n\n\n<blockquote class=\"wp-block-quote\"><p>\u201eZnate, kada se uzme ta diploma u ruke, svaki mladi lekar mora na\u0107i svoju su\u0161tinu i moto koji \u0107e ga voditi. Ja smatram da uz malo empatije i ve\u0161tine, lekar stvara magiju dok poma\u017ee drugim ljudima i sa tim ose\u0107ajem retko koji mo\u017ee da se meri,\u201c obja\u0161njava.<\/p><\/blockquote>\n\n\n\n<p>Njena radna biografija je duga\u010dka, kako je uvek kod uspe\u0161nih ljudi, ali da izdvojimo samo najva\u017enije:<\/p>\n\n\n\n<blockquote class=\"wp-block-quote\"><p>Stru\u010dni ispit za doktora medicine pri Ministarstvu zdravlja polo\u017eila je 2019. godine. Medicinski fakultet Univerziteta u Ni\u0161u u zvanju doktora medicine zavr\u0161ila je godinu dana ranije, sa diplomskim radom \u201eUloga steroida u autoimunosti\u201c iz oblasti pedijatrije, sa prose\u010dnom ocenom&nbsp;<strong>9,36<\/strong>.<\/p><\/blockquote>\n\n\n\n<p>Osim srpskog, maternjeg jezika, najbolje poznaje engleski i slovena\u010dki jezik. Ove godine je nostrifikovala svoju lekarsku diplomu u Sloveniji, pa, voli da se na\u0161ali \u2013 sada ih ima dve. Plan joj je da, ako se steknu uslovi, tamo zavr\u0161i specijalizaciju.<\/p>\n\n\n\n<blockquote class=\"wp-block-quote\"><p>\u201eOnkologija je moja prva ljubav, jako mi je bliska zbog istra\u017eivanja i brojnih radova \u010diji sam bila autor i koautor, koji su naj\u010de\u0161\u0107e bili iz te oblasti. Me\u0111utim, primarna praksa i urgentna medicina koje sam uspela da blisko upoznam, daju tu trenutnu povratnu informaciju da si uradio stvari kako treba, a to su u medicini trenuci najve\u0107e radosti.\u201c<\/p><\/blockquote>\n\n\n\n<p>Ema je \u010dlan Saveta za obrazovanje i Upravnog odbora slovena\u010dke kulturne zajednice SKS \u201eFrance Pre\u0161eren\u201c iz Ni\u0161a i slovena\u010dka dr\u017eavljanka od pre dve godine.<br>Slovena\u010dko poreklo ima po ocu Mihailu, odnosno po dedi Uro\u0161u.<\/p>\n\n\n\n<blockquote class=\"wp-block-quote\"><p>\u201eNa\u017ealost, dedu nisam upoznala, iako sam se uvek interesovala za njegov \u017eivot. Uro\u0161 Vagaja je bio \u010duveni umetni\u010dki dizajner i scenograf koji je ostavio trag u slovena\u010dkoj kulturi i umetnosti.\u201c<\/p><\/blockquote>\n\n\n\n<p>\u010cuvajte svoje zdravlje to je najve\u0107e bogatstvo koje imate, a ako vam ipak u nekom \u017eivotnom trenutku zatreba pomo\u0107, dobro je znati da postoje mladi, saose\u0107ajni stru\u010dnjaci poput Emilije Vagaja.<\/p>\n\n\n\n<figure class=\"wp-block-image\"><a href=\"https:\/\/srbijavesti.rs\/wp-content\/uploads\/2021\/12\/269707110-442826824142577-5807120180632176149-n.jpg\"><img decoding=\"async\" src=\"https:\/\/srbijavesti.rs\/wp-content\/uploads\/2021\/12\/269707110-442826824142577-5807120180632176149-n.jpg\" alt=\"\"\/><\/a><figcaption>Foto. Privatna arhiva<\/figcaption><\/figure>\n\n\n\n<figure class=\"wp-block-image\"><a href=\"https:\/\/srbijavesti.rs\/wp-content\/uploads\/2021\/12\/269700222-969967063593070-764701421552149526-n.jpg\"><img decoding=\"async\" src=\"https:\/\/srbijavesti.rs\/wp-content\/uploads\/2021\/12\/269700222-969967063593070-764701421552149526-n.jpg\" alt=\"\"\/><\/a><figcaption>Emilija Vagaja na radnom mestu<\/figcaption><\/figure>\n\n\n\n<h2>Najbolj\u0161i med nami: Emilija Vagaja, zdravnica v kovid ambulanti Zdravstvenega doma Ni\u0161<\/h2>\n\n\n\n<div class=\"is-layout-flex wp-container-2 wp-block-columns\">\n<div class=\"is-layout-flow wp-block-column\" style=\"flex-basis:100%\">\n<blockquote class=\"wp-block-quote\"><p>Po naslovni fotografiji bi bila lahko fotomodel, a ni. Je \u010detrta generacija zdravnikov v dru\u017eini. Emilija Vagaja je mlada dama, krhke gradnje in jeklene volje.<\/p><\/blockquote>\n\n\n\n<p><\/p>\n<\/div>\n<\/div>\n\n\n\n<p>Praded Mihailo je bil vojni zdravnik, babica Milica ginekologinja, o\u010de Mihailo je pediater. Emilija je rasla z zgodbami iz zdravni\u0161kih ordinacij, zato se ni potrebno \u010duditi, da je prav medicina njen \u017eivljenski poziv.<br><\/p>\n\n\n\n<blockquote class=\"wp-block-quote\"><p>\u00bbKot pove moj stric Milan, vsi smo znanstveniki ali umetniki. Od malih nog dalje igram violino, pojem, pi\u0161em, bavim se jahanjem. A ko je pri\u0161el \u010das za fakulteto, je ljubezen do znanosti in ljudi prevagala!\u00ab<br><\/p><\/blockquote>\n\n\n\n<p>Ema je rojena leta 1993 v Ni\u0161u. Dela kot zdravnica v Slu\u017ebi za zdravstveno za\u0161\u010dito odrslih in v kovid coni.<br>Po razglasitvi izrednega stanja v Srbiji zaradi epidemije s korona virusom, je skoraj celo leto 2020 voluntirala v Zavodu za urgentno medicino v Ni\u0161u in v rde\u010dih conah.<br><\/p>\n\n\n\n<blockquote class=\"wp-block-quote\"><p>\u00bbVeste, ko opravi diplomo, vsak mlad zdravnik mora najti svoje bistvo in moto, kateremu bo sledil. Menim, da z malo empatije in ve\u0161\u010dine, zdravnik ustvarja \u010dude\u017ee, ko pomaga drugim ljudem. S tem se redko kdo lahko meri, \u00bb pojasnjuje.<br><\/p><\/blockquote>\n\n\n\n<p>Njena delovna biografija je dolga, kot je vedno pri uspe\u0161nih ljudeh. Izpostavimo le najpomembnej\u0161e:<br>Strokovni izpit za zdravnico pri Ministrstvu za zdravje je polo\u017eila leta 2019. Medicinsko faulteto Univerze v Ni\u0161u je kon\u010dala leto dni prej. Njeno diplomsko delo nosi naslov Vloga steroidov v avtoimunosti, na podro\u010dju pediatrije, s povpre\u010dno oceno 9,36.<br><\/p>\n\n\n\n<p>Poleg srbskega jezika, maternega jezika, najbolje obvlada angle\u0161ki in slovenski jezik. To leto je nostrificirala svojo diplomo v Sloveniji, zato se rada po\u0161ali, da ima sedaj dve. Njen na\u010drt je, \u010de se poka\u017eejo pogoji, da opravi specializacijo v Sloveniji.<br><\/p>\n\n\n\n<blockquote class=\"wp-block-quote\"><p>\u00bbOnkologija je moja prva ljubezen, zelo mi je blizu zaradi raziskav in \u0161tevilnih del, katerih sem avtor ali koavtor in ki so najpogosteje prav iz tega podro\u010dja. Ampak, primarna praksa in urgentna medicina, ki sem ju uspela dobro spoznati, dasta takoj\u0161njo povratno informacijo, da si naredil nekaj tako kot je treba, to pa daje trenutke najve\u010djega veselja.\u00ab<br><\/p><\/blockquote>\n\n\n\n<p>Ema je \u010dlanica Sveta za izobra\u017eevanje in Upravnega odbora slovenske kulturne skupnosti France Pre\u0161eren v Ni\u0161u in slovenska dr\u017eavljanka. Poreklo ima po o\u010detu Mihailu, to\u010dneje po dedku Uro\u0161u.<br><\/p>\n\n\n\n<blockquote class=\"wp-block-quote\"><p>\u00bbNa \u017ealost dedka nisem spoznala, \u010deprav sem se vedno zanimala za njegovo \u017eivljenje. Uro\u0161 Vagaja je bil poznan umetni\u0161ki oblikovalec in scenograf, ki je pustil pomembno sled v slovenski kulturi in umetnosti.\u00ab<br><\/p><\/blockquote>\n\n\n\n<p>Pazite na svoje zdravje, to je najve\u010dje bogastvo, ki ga imate. \u010ce pa vseeno v nekem \u017eivljenskem trenutku potrebujete pomo\u010d, je dobro vedeti, da obstajajo mladi, so\u010dutni strokovnjaki, kot je Emilija Vagaja.<\/p>\n\n\n\n<p>Prevod: Tatjana Bukvi\u010d<\/p>\n\n\n\n<p>Share on facebookFacebook&nbsp;Share on twitterTwitter&nbsp;Share on emailEmail&nbsp;Share on whatsappWhatsApp<\/p>\n\n\n\n<h2>Tagovi<\/h2>\n\n\n\n<ul><li><a href=\"https:\/\/srbijavesti.rs\/tagovi\/dom-zdravlja-nis\/\">DOM ZDRAVLJA NI\u0160<\/a>,&nbsp;<a href=\"https:\/\/srbijavesti.rs\/tagovi\/emilija-vagaja\/\">EMILIJA VAGAJA<\/a>,&nbsp;<a href=\"https:\/\/srbijavesti.rs\/tagovi\/lekar\/\">LEKAR<\/a>,&nbsp;<a href=\"https:\/\/srbijavesti.rs\/tagovi\/sks-france-preseren\/\">SKS FRA<\/a>CE PRE\u0160EREN<\/li><\/ul>\n\n\n\n<p><\/p>\n","protected":false},"excerpt":{"rendered":"<p>Po naslovnoj fotografiji mogla je da bude foto-model, ali nije. Ona je \u010detvrta generacija lekara u svojoj porodici, Emilija Vagaja, mlada dama krhke gra\u0111e i \u010deli\u010dne volje. Pradeda Mihailo bio je vojni lekar, baka Milica \u2013 ginekolog, otac Mihailo \u2013 pedijatar, Emilija je bila okru\u017eena pri\u010dama iz doktorskih ordinacija od kada se rodila, zato ne [&hellip;]<\/p>\n","protected":false},"author":11,"featured_media":1729,"comment_status":"closed","ping_status":"open","sticky":false,"template":"","format":"standard","meta":[],"categories":[7,6],"tags":[],"_links":{"self":[{"href":"https:\/\/www.sksfrancepresernnis.org.rs\/index.php\/wp-json\/wp\/v2\/posts\/1728"}],"collection":[{"href":"https:\/\/www.sksfrancepresernnis.org.rs\/index.php\/wp-json\/wp\/v2\/posts"}],"about":[{"href":"https:\/\/www.sksfrancepresernnis.org.rs\/index.php\/wp-json\/wp\/v2\/types\/post"}],"author":[{"embeddable":true,"href":"https:\/\/www.sksfrancepresernnis.org.rs\/index.php\/wp-json\/wp\/v2\/users\/11"}],"replies":[{"embeddable":true,"href":"https:\/\/www.sksfrancepresernnis.org.rs\/index.php\/wp-json\/wp\/v2\/comments?post=1728"}],"version-history":[{"count":2,"href":"https:\/\/www.sksfrancepresernnis.org.rs\/index.php\/wp-json\/wp\/v2\/posts\/1728\/revisions"}],"predecessor-version":[{"id":1747,"href":"https:\/\/www.sksfrancepresernnis.org.rs\/index.php\/wp-json\/wp\/v2\/posts\/1728\/revisions\/1747"}],"wp:featuredmedia":[{"embeddable":true,"href":"https:\/\/www.sksfrancepresernnis.org.rs\/index.php\/wp-json\/wp\/v2\/media\/1729"}],"wp:attachment":[{"href":"https:\/\/www.sksfrancepresernnis.org.rs\/index.php\/wp-json\/wp\/v2\/media?parent=1728"}],"wp:term":[{"taxonomy":"category","embeddable":true,"href":"https:\/\/www.sksfrancepresernnis.org.rs\/index.php\/wp-json\/wp\/v2\/categories?post=1728"},{"taxonomy":"post_tag","embeddable":true,"href":"https:\/\/www.sksfrancepresernnis.org.rs\/index.php\/wp-json\/wp\/v2\/tags?post=1728"}],"curies":[{"name":"wp","href":"https:\/\/api.w.org\/{rel}","templated":true}]}}