{"id":1644,"date":"2021-05-06T11:50:04","date_gmt":"2021-05-06T09:50:04","guid":{"rendered":"https:\/\/www.sksfrancepresernnis.org.rs\/?p=1644"},"modified":"2021-05-06T11:50:05","modified_gmt":"2021-05-06T09:50:05","slug":"6-dani-slovenackog-filma-u-nisu","status":"publish","type":"post","link":"https:\/\/www.sksfrancepresernnis.org.rs\/index.php\/2021\/05\/06\/6-dani-slovenackog-filma-u-nisu\/","title":{"rendered":"6. DANI SLOVENA\u010cKOG FILMA U NI\u0160U"},"content":{"rendered":"\n<p><em>\u00a0\u0160esta revija Dani Slovena\u010dkog Filma, po ustaljenom godi\u0161njem redosledu, trebalo je da se odr\u017ei decembra pro\u0161le godiine i da se pro\u0161iri na Kulturne centre gradova partnera manifestacije. Ali, svet se preokrenuo, kolaps izazvan pandemijom uni\u0161tio je svakodnevicu i zato\u010dio dragocenu supstancu ljudskog\u00a0postojanja &#8211; kulturu.<\/em><\/p>\n\n\n\n<p><em>Nostalgija za punim salama,burnim reakcijama,ozarenim licima gledalacana izlasku iz dvorane, slavnim gostima i susretima sa upam\u0107enim filmskim epopejama, pro\u0161lo je vreme.<\/em><\/p>\n\n\n\n<figure class=\"wp-block-image\"><img decoding=\"async\" loading=\"lazy\" width=\"1024\" height=\"768\" src=\"https:\/\/www.sksfrancepresernnis.org.rs\/wp-content\/uploads\/2021\/05\/image01-1024x768.jpeg\" alt=\"\" class=\"wp-image-1646\" srcset=\"https:\/\/www.sksfrancepresernnis.org.rs\/wp-content\/uploads\/2021\/05\/image01-1024x768.jpeg 1024w, https:\/\/www.sksfrancepresernnis.org.rs\/wp-content\/uploads\/2021\/05\/image01-300x225.jpeg 300w, https:\/\/www.sksfrancepresernnis.org.rs\/wp-content\/uploads\/2021\/05\/image01-768x576.jpeg 768w, https:\/\/www.sksfrancepresernnis.org.rs\/wp-content\/uploads\/2021\/05\/image01-640x480.jpeg 640w, https:\/\/www.sksfrancepresernnis.org.rs\/wp-content\/uploads\/2021\/05\/image01.jpeg 1600w\" sizes=\"(max-width: 1024px) 100vw, 1024px\" \/><\/figure>\n\n\n\n<p><em>Sada se navikavamo da nas dvadesetak mo\u017ee sa maskama da u\u0111e u salu,i da se \u0161to pre udaljimo posle druge projekcije,bez razgovora i pitanja. Ali kultura,pozori\u0161te,muzeji,filmovi ne smeju da budu na pauzi. I zato,izazov je prihva\u0107en!<\/em><\/p>\n","protected":false},"excerpt":{"rendered":"<p>\u00a0\u0160esta revija Dani Slovena\u010dkog Filma, po ustaljenom godi\u0161njem redosledu, trebalo je da se odr\u017ei decembra pro\u0161le godiine i da se pro\u0161iri na Kulturne centre gradova partnera manifestacije. Ali, svet se preokrenuo, kolaps izazvan pandemijom uni\u0161tio je svakodnevicu i zato\u010dio dragocenu supstancu ljudskog\u00a0postojanja &#8211; kulturu. Nostalgija za punim salama,burnim reakcijama,ozarenim licima gledalacana izlasku iz dvorane, slavnim [&hellip;]<\/p>\n","protected":false},"author":12,"featured_media":1645,"comment_status":"closed","ping_status":"open","sticky":false,"template":"","format":"standard","meta":[],"categories":[1],"tags":[],"_links":{"self":[{"href":"https:\/\/www.sksfrancepresernnis.org.rs\/index.php\/wp-json\/wp\/v2\/posts\/1644"}],"collection":[{"href":"https:\/\/www.sksfrancepresernnis.org.rs\/index.php\/wp-json\/wp\/v2\/posts"}],"about":[{"href":"https:\/\/www.sksfrancepresernnis.org.rs\/index.php\/wp-json\/wp\/v2\/types\/post"}],"author":[{"embeddable":true,"href":"https:\/\/www.sksfrancepresernnis.org.rs\/index.php\/wp-json\/wp\/v2\/users\/12"}],"replies":[{"embeddable":true,"href":"https:\/\/www.sksfrancepresernnis.org.rs\/index.php\/wp-json\/wp\/v2\/comments?post=1644"}],"version-history":[{"count":1,"href":"https:\/\/www.sksfrancepresernnis.org.rs\/index.php\/wp-json\/wp\/v2\/posts\/1644\/revisions"}],"predecessor-version":[{"id":1647,"href":"https:\/\/www.sksfrancepresernnis.org.rs\/index.php\/wp-json\/wp\/v2\/posts\/1644\/revisions\/1647"}],"wp:featuredmedia":[{"embeddable":true,"href":"https:\/\/www.sksfrancepresernnis.org.rs\/index.php\/wp-json\/wp\/v2\/media\/1645"}],"wp:attachment":[{"href":"https:\/\/www.sksfrancepresernnis.org.rs\/index.php\/wp-json\/wp\/v2\/media?parent=1644"}],"wp:term":[{"taxonomy":"category","embeddable":true,"href":"https:\/\/www.sksfrancepresernnis.org.rs\/index.php\/wp-json\/wp\/v2\/categories?post=1644"},{"taxonomy":"post_tag","embeddable":true,"href":"https:\/\/www.sksfrancepresernnis.org.rs\/index.php\/wp-json\/wp\/v2\/tags?post=1644"}],"curies":[{"name":"wp","href":"https:\/\/api.w.org\/{rel}","templated":true}]}}