{"id":1579,"date":"2020-12-20T10:06:30","date_gmt":"2020-12-20T09:06:30","guid":{"rendered":"https:\/\/www.sksfrancepresernnis.org.rs\/?p=1579"},"modified":"2020-12-20T10:19:39","modified_gmt":"2020-12-20T09:19:39","slug":"carobna-fotografija-luke-radulovica","status":"publish","type":"post","link":"https:\/\/www.sksfrancepresernnis.org.rs\/index.php\/2020\/12\/20\/carobna-fotografija-luke-radulovica\/","title":{"rendered":"\u010carobna fotografija Luke Radulovi\u0107a"},"content":{"rendered":"\n<h4>Luka Radulovi\u0107 se je rodil v Ni\u0161u, 9. decembra 1987. Ljubezen do glasbe, fotografije in videa je podedoval po o\u010detu Banetu, kitaristu, in materi Oliveri, televizijski urednici in novinarki.<\/h4>\n\n\n\n<p>S kitaro igra \u017ee v najzgodnej\u0161ih otro\u0161kih letih, v Ni\u0161u je nastopal s \u0161tevilnimi zasedbami; Decokvritelji, Streetcore Unity, S.K.A. Trenutno igra v dvo\u010dlanski zasedbi ZeroTwo, ki je v Srbiji in regiji prepoznavna po izvirni glasbi \u017eanra drum and bass. Leta 2019 je ZeroTwo prejel nagrado na festivalu Bunt rock, ki ga je organizirala srbska radiotelevizija (RTS), promovira rock in alternativno glasbo.<\/p>\n\n\n\n<p>S fotografijo se je za\u010del\nukvarjati pred pribli\u017eno desetimi leti, njegova dela pa so objavljali ni\u0161ki\nportali Srbija vesti, Ni\u0161ke vesti ter portali, ki se ukvarjajo s srbsko\nglasbeno sceno.<\/p>\n\n\n\n<p>Lukine fotografije Ni\u0161a in Slovenije so krasile naslovnice Biltena SKS &#8220;France Pre\u0161eren&#8221; v letih 2018, 2019 in 2020. Lukina kinematografija je vidna v dokumentarnem filmu v projektu &#8220;Skozi dru\u017einske fotografije Slovencev&#8221;, ki ga je v za\u010detku leta 2019 posnel SKS &#8220;France Pre\u0161eren&#8221;.<\/p>\n\n\n\n<ul class=\"is-layout-flex wp-block-gallery-1 wp-block-gallery columns-3 is-cropped\"><li class=\"blocks-gallery-item\"><figure><img decoding=\"async\" loading=\"lazy\" width=\"678\" height=\"1024\" src=\"https:\/\/www.sksfrancepresernnis.org.rs\/wp-content\/uploads\/2020\/12\/Primorska-S-1-678x1024.jpg\" alt=\"\" data-id=\"1584\" data-link=\"https:\/\/www.sksfrancepresernnis.org.rs\/?attachment_id=1584\" class=\"wp-image-1584\" srcset=\"https:\/\/www.sksfrancepresernnis.org.rs\/wp-content\/uploads\/2020\/12\/Primorska-S-1-678x1024.jpg 678w, https:\/\/www.sksfrancepresernnis.org.rs\/wp-content\/uploads\/2020\/12\/Primorska-S-1-199x300.jpg 199w, https:\/\/www.sksfrancepresernnis.org.rs\/wp-content\/uploads\/2020\/12\/Primorska-S-1-768x1160.jpg 768w, https:\/\/www.sksfrancepresernnis.org.rs\/wp-content\/uploads\/2020\/12\/Primorska-S-1.jpg 1500w\" sizes=\"(max-width: 678px) 100vw, 678px\" \/><\/figure><\/li><li class=\"blocks-gallery-item\"><figure><img decoding=\"async\" loading=\"lazy\" width=\"1024\" height=\"678\" src=\"https:\/\/www.sksfrancepresernnis.org.rs\/wp-content\/uploads\/2020\/12\/Primorska-S-1024x678.jpg\" alt=\"\" data-id=\"1585\" data-link=\"https:\/\/www.sksfrancepresernnis.org.rs\/?attachment_id=1585\" class=\"wp-image-1585\" srcset=\"https:\/\/www.sksfrancepresernnis.org.rs\/wp-content\/uploads\/2020\/12\/Primorska-S-1024x678.jpg 1024w, https:\/\/www.sksfrancepresernnis.org.rs\/wp-content\/uploads\/2020\/12\/Primorska-S-300x199.jpg 300w, https:\/\/www.sksfrancepresernnis.org.rs\/wp-content\/uploads\/2020\/12\/Primorska-S-768x509.jpg 768w\" sizes=\"(max-width: 1024px) 100vw, 1024px\" \/><\/figure><\/li><li class=\"blocks-gallery-item\"><figure><img decoding=\"async\" loading=\"lazy\" width=\"678\" height=\"1024\" src=\"https:\/\/www.sksfrancepresernnis.org.rs\/wp-content\/uploads\/2020\/12\/Triglav-678x1024.jpg\" alt=\"\" data-id=\"1586\" data-link=\"https:\/\/www.sksfrancepresernnis.org.rs\/?attachment_id=1586\" class=\"wp-image-1586\" srcset=\"https:\/\/www.sksfrancepresernnis.org.rs\/wp-content\/uploads\/2020\/12\/Triglav-678x1024.jpg 678w, https:\/\/www.sksfrancepresernnis.org.rs\/wp-content\/uploads\/2020\/12\/Triglav-199x300.jpg 199w, https:\/\/www.sksfrancepresernnis.org.rs\/wp-content\/uploads\/2020\/12\/Triglav-768x1160.jpg 768w, https:\/\/www.sksfrancepresernnis.org.rs\/wp-content\/uploads\/2020\/12\/Triglav.jpg 1500w\" sizes=\"(max-width: 678px) 100vw, 678px\" \/><\/figure><\/li><\/ul>\n\n\n\n<p>Kot snemalec je sodeloval pri\nprodukciji dokumentarnih filmov o Likovni koloniji Si\u0107evo (2018 in 2019), pa\ntudi TV-seriji &#8220;Abe Ni\u0161lije&#8221; z znanim ni\u0161kim igralcem Miroljubom\nRikijem Nedovi\u0107em. Leta 2020 je z istim avtorjem posnel TV-serijo &#8220;Vodnik\npo Ni\u0161u za za\u010detnike&#8221;, ki jo trenutno predvajajo vse ni\u0161ke televizije.<\/p>\n\n\n\n<p>Je eden od avtorjev glasbene\noddaje <strong>Betonjera<\/strong>, ki promovira\nalternativne glasbene smeri in skupine, ne samo v Srbiji, ampak tudi v nekdanji\nJugoslaviji.<\/p>\n\n\n\n<p>Nekaj \u200b\u200b\u010dasa je pre\u017eivel na\nKitajskem kot profesor angle\u0161\u010dine, \u017eivi in \u200b\u200bdela v Ni\u0161u, od leta 2015 pa je\n\u010dlan SKS &#8220;France Pre\u0161eren&#8221;.<\/p>\n\n\n\n<blockquote class=\"wp-block-quote\"><p>&#8220;Letos je kar zadeva glasbo in nastope popoln neuspeh. Imeli smo &nbsp;live strem nastopov v Srbiji in na Hrva\u0161kem in to je to. Krona je glasbenikom res zaprla vse ceste. Za naslednje leto imam povabilo na petmese\u010dne nastope v Portoro\u017eu v Sloveniji s prijatelji glasbeniki iz Beograda. No, bomo videli. Upam, da se bodo na\u010drti uresni\u010dili in da se bo epidemija kon\u010dala, saj se zelo veselim ve\u010dmese\u010dnega bivanja v Sloveniji, ki ga dojemam kot svojo dr\u017eavo. Je, kajti moj praded je Franz iz Metlike,\u201d pravi Luka.<\/p><\/blockquote>\n\n\n\n<ul class=\"is-layout-flex wp-block-gallery-3 wp-block-gallery columns-3 is-cropped\"><li class=\"blocks-gallery-item\"><figure><img decoding=\"async\" loading=\"lazy\" width=\"1024\" height=\"678\" src=\"https:\/\/www.sksfrancepresernnis.org.rs\/wp-content\/uploads\/2020\/12\/Nis-2-1024x678.jpg\" alt=\"\" data-id=\"1580\" class=\"wp-image-1580\" srcset=\"https:\/\/www.sksfrancepresernnis.org.rs\/wp-content\/uploads\/2020\/12\/Nis-2-1024x678.jpg 1024w, https:\/\/www.sksfrancepresernnis.org.rs\/wp-content\/uploads\/2020\/12\/Nis-2-300x199.jpg 300w, https:\/\/www.sksfrancepresernnis.org.rs\/wp-content\/uploads\/2020\/12\/Nis-2-768x509.jpg 768w\" sizes=\"(max-width: 1024px) 100vw, 1024px\" \/><\/figure><\/li><li class=\"blocks-gallery-item\"><figure><img decoding=\"async\" loading=\"lazy\" width=\"1024\" height=\"678\" src=\"https:\/\/www.sksfrancepresernnis.org.rs\/wp-content\/uploads\/2020\/12\/Nis-1-1024x678.jpg\" alt=\"\" data-id=\"1581\" data-link=\"https:\/\/www.sksfrancepresernnis.org.rs\/?attachment_id=1581\" class=\"wp-image-1581\" srcset=\"https:\/\/www.sksfrancepresernnis.org.rs\/wp-content\/uploads\/2020\/12\/Nis-1-1024x678.jpg 1024w, https:\/\/www.sksfrancepresernnis.org.rs\/wp-content\/uploads\/2020\/12\/Nis-1-300x199.jpg 300w, https:\/\/www.sksfrancepresernnis.org.rs\/wp-content\/uploads\/2020\/12\/Nis-1-768x509.jpg 768w\" sizes=\"(max-width: 1024px) 100vw, 1024px\" \/><\/figure><\/li><li class=\"blocks-gallery-item\"><figure><img decoding=\"async\" loading=\"lazy\" width=\"364\" height=\"1024\" src=\"https:\/\/www.sksfrancepresernnis.org.rs\/wp-content\/uploads\/2020\/12\/Nis-364x1024.jpg\" alt=\"\" data-id=\"1583\" data-link=\"https:\/\/www.sksfrancepresernnis.org.rs\/?attachment_id=1583\" class=\"wp-image-1583\" srcset=\"https:\/\/www.sksfrancepresernnis.org.rs\/wp-content\/uploads\/2020\/12\/Nis-364x1024.jpg 364w, https:\/\/www.sksfrancepresernnis.org.rs\/wp-content\/uploads\/2020\/12\/Nis-107x300.jpg 107w, https:\/\/www.sksfrancepresernnis.org.rs\/wp-content\/uploads\/2020\/12\/Nis-768x2159.jpg 768w, https:\/\/www.sksfrancepresernnis.org.rs\/wp-content\/uploads\/2020\/12\/Nis.jpg 800w\" sizes=\"(max-width: 364px) 100vw, 364px\" \/><\/figure><\/li><\/ul>\n\n\n\n<p>Za leto\u0161njo izdajo Biltena je Luka izbral fotografije iz Ni\u0161a, posnete v letu 2020, in fotografije iz Primorske, posnete v letu 2019.<\/p>\n","protected":false},"excerpt":{"rendered":"<p>Luka Radulovi\u0107 se je rodil v Ni\u0161u, 9. decembra 1987. Ljubezen do glasbe, fotografije in videa je podedoval po o\u010detu Banetu, kitaristu, in materi Oliveri, televizijski urednici in novinarki. S kitaro igra \u017ee v najzgodnej\u0161ih otro\u0161kih letih, v Ni\u0161u je nastopal s \u0161tevilnimi zasedbami; Decokvritelji, Streetcore Unity, S.K.A. Trenutno igra v dvo\u010dlanski zasedbi ZeroTwo, ki [&hellip;]<\/p>\n","protected":false},"author":11,"featured_media":1593,"comment_status":"closed","ping_status":"open","sticky":false,"template":"","format":"standard","meta":[],"categories":[6],"tags":[267,264,268],"_links":{"self":[{"href":"https:\/\/www.sksfrancepresernnis.org.rs\/index.php\/wp-json\/wp\/v2\/posts\/1579"}],"collection":[{"href":"https:\/\/www.sksfrancepresernnis.org.rs\/index.php\/wp-json\/wp\/v2\/posts"}],"about":[{"href":"https:\/\/www.sksfrancepresernnis.org.rs\/index.php\/wp-json\/wp\/v2\/types\/post"}],"author":[{"embeddable":true,"href":"https:\/\/www.sksfrancepresernnis.org.rs\/index.php\/wp-json\/wp\/v2\/users\/11"}],"replies":[{"embeddable":true,"href":"https:\/\/www.sksfrancepresernnis.org.rs\/index.php\/wp-json\/wp\/v2\/comments?post=1579"}],"version-history":[{"count":3,"href":"https:\/\/www.sksfrancepresernnis.org.rs\/index.php\/wp-json\/wp\/v2\/posts\/1579\/revisions"}],"predecessor-version":[{"id":1590,"href":"https:\/\/www.sksfrancepresernnis.org.rs\/index.php\/wp-json\/wp\/v2\/posts\/1579\/revisions\/1590"}],"wp:featuredmedia":[{"embeddable":true,"href":"https:\/\/www.sksfrancepresernnis.org.rs\/index.php\/wp-json\/wp\/v2\/media\/1593"}],"wp:attachment":[{"href":"https:\/\/www.sksfrancepresernnis.org.rs\/index.php\/wp-json\/wp\/v2\/media?parent=1579"}],"wp:term":[{"taxonomy":"category","embeddable":true,"href":"https:\/\/www.sksfrancepresernnis.org.rs\/index.php\/wp-json\/wp\/v2\/categories?post=1579"},{"taxonomy":"post_tag","embeddable":true,"href":"https:\/\/www.sksfrancepresernnis.org.rs\/index.php\/wp-json\/wp\/v2\/tags?post=1579"}],"curies":[{"name":"wp","href":"https:\/\/api.w.org\/{rel}","templated":true}]}}