{"id":1496,"date":"2020-01-14T13:15:08","date_gmt":"2020-01-14T12:15:08","guid":{"rendered":"https:\/\/www.sksfrancepresernnis.org.rs\/?p=1496"},"modified":"2020-01-14T13:19:54","modified_gmt":"2020-01-14T12:19:54","slug":"poletne-sole-slovenscine-v-sloveniji","status":"publish","type":"post","link":"https:\/\/www.sksfrancepresernnis.org.rs\/index.php\/2020\/01\/14\/poletne-sole-slovenscine-v-sloveniji\/","title":{"rendered":"POLETNE \u0160OLE SLOVEN\u0160\u010cINE V SLOVENIJI"},"content":{"rendered":"\n<p><strong>Za MLADE od 13 do 17 let<\/strong> Center za sloven\u0161\u010dino <strong>v Ljubljani<\/strong> organizira mladinsko poletno \u0161olo, ROK ZA PRO\u0160NJO ZA \u0160TIPENDIJO je 15. MAREC:\u00a0<\/p>\n\n\n\n<p><a href=\"https:\/\/centerslo.si\/za-otroke\/tecaji\/mladinska-poletna-sola\/mladinska-poletna-sola-slovenscine-2019\/?fbclid=IwAR3OUUBWYlolv4O0MIk8HstZM9j743GMObYmgGoO2D213jdfmpCkAcBXv4o\">https:\/\/centerslo.si\/za-otroke\/tecaji\/mladinska-poletna-sola\/mladinska-poletna-sola-slovenscine-2019\/?fbclid=IwAR3OUUBWYlolv4O0MIk8HstZM9j743GMObYmgGoO2D213jdfmpCkAcBXv4o<\/a><\/p>\n\n\n\n<p><strong>Za OTROKE OD 10 do 15 LET<\/strong> pa sta letos dve mo\u017enosti:&nbsp;<\/p>\n\n\n\n<p>&#8211; Poletna \u0161ola sloven\u0161\u010dine <strong>v Tolminu<\/strong> (org. ZRS\u0160 in C\u0160OD)&nbsp; &nbsp; od 2. do 12. avgusta, kotizacija 50 evrov&nbsp;&nbsp;&nbsp;&nbsp;&nbsp;&nbsp;&nbsp;&nbsp;&nbsp;&nbsp;&nbsp;&nbsp;&nbsp;&nbsp;&nbsp;&nbsp;&nbsp;&nbsp;&nbsp;&nbsp;&nbsp;&nbsp;&nbsp;&nbsp;&nbsp;&nbsp;&nbsp;&nbsp;&nbsp;<\/p>\n\n\n\n<p>&#8211; Tabor Sloven\u0161\u010dina malo druga\u010de <strong>v Murski Soboti<\/strong> (org. Slovenska izseljenska matica). &nbsp; &nbsp; &nbsp; &nbsp; &nbsp; &nbsp; &nbsp; &nbsp; &nbsp; &nbsp; &nbsp; &nbsp; &nbsp; &nbsp; &nbsp; &nbsp; &nbsp; &nbsp; &nbsp; &nbsp; &nbsp; &nbsp; od 12. do 18. julija, kotizacija 25 evrov&nbsp;<\/p>\n\n\n\n<p>Prijave bodo mo\u017ene aprila, maja.<br><br><\/p>\n\n\n\n<p><strong>Za MLADE 15 + in ODRASLE<\/strong>&nbsp;<\/p>\n\n\n\n<ul><li><strong>v Ljubljani<\/strong>, ROK ZA PRO\u0160NJO ZA \u0160TIPENDIJO je 15.MAREC:<\/li><\/ul>\n\n\n\n<p><a href=\"https:\/\/centerslo.si\/tecaji-za-odrasle\/sole\/poletna-sola\/\">https:\/\/centerslo.si\/tecaji-za-odrasle\/sole\/poletna-sola\/<\/a><\/p>\n\n\n\n<p><br>&nbsp; &nbsp; &#8211; <strong>v Kopru<\/strong>, informacija za 2020 \u0161e ni objavljena, tu je lanska:&nbsp;<\/p>\n\n\n\n<p><a href=\"http:\/\/www.fhs.upr.si\/sl\/poletne-sole\/halo\">http:\/\/www.fhs.upr.si\/sl\/poletne-sole\/halo<\/a><\/p>\n","protected":false},"excerpt":{"rendered":"<p>Za MLADE od 13 do 17 let Center za sloven\u0161\u010dino v Ljubljani organizira mladinsko poletno \u0161olo, ROK ZA PRO\u0160NJO ZA \u0160TIPENDIJO je 15. MAREC:\u00a0 https:\/\/centerslo.si\/za-otroke\/tecaji\/mladinska-poletna-sola\/mladinska-poletna-sola-slovenscine-2019\/?fbclid=IwAR3OUUBWYlolv4O0MIk8HstZM9j743GMObYmgGoO2D213jdfmpCkAcBXv4o Za OTROKE OD 10 do 15 LET pa sta letos dve mo\u017enosti:&nbsp; &#8211; Poletna \u0161ola sloven\u0161\u010dine v Tolminu (org. ZRS\u0160 in C\u0160OD)&nbsp; &nbsp; od 2. do 12. avgusta, kotizacija 50 [&hellip;]<\/p>\n","protected":false},"author":8,"featured_media":0,"comment_status":"closed","ping_status":"open","sticky":false,"template":"","format":"standard","meta":[],"categories":[7],"tags":[248,250,249],"_links":{"self":[{"href":"https:\/\/www.sksfrancepresernnis.org.rs\/index.php\/wp-json\/wp\/v2\/posts\/1496"}],"collection":[{"href":"https:\/\/www.sksfrancepresernnis.org.rs\/index.php\/wp-json\/wp\/v2\/posts"}],"about":[{"href":"https:\/\/www.sksfrancepresernnis.org.rs\/index.php\/wp-json\/wp\/v2\/types\/post"}],"author":[{"embeddable":true,"href":"https:\/\/www.sksfrancepresernnis.org.rs\/index.php\/wp-json\/wp\/v2\/users\/8"}],"replies":[{"embeddable":true,"href":"https:\/\/www.sksfrancepresernnis.org.rs\/index.php\/wp-json\/wp\/v2\/comments?post=1496"}],"version-history":[{"count":3,"href":"https:\/\/www.sksfrancepresernnis.org.rs\/index.php\/wp-json\/wp\/v2\/posts\/1496\/revisions"}],"predecessor-version":[{"id":1506,"href":"https:\/\/www.sksfrancepresernnis.org.rs\/index.php\/wp-json\/wp\/v2\/posts\/1496\/revisions\/1506"}],"wp:attachment":[{"href":"https:\/\/www.sksfrancepresernnis.org.rs\/index.php\/wp-json\/wp\/v2\/media?parent=1496"}],"wp:term":[{"taxonomy":"category","embeddable":true,"href":"https:\/\/www.sksfrancepresernnis.org.rs\/index.php\/wp-json\/wp\/v2\/categories?post=1496"},{"taxonomy":"post_tag","embeddable":true,"href":"https:\/\/www.sksfrancepresernnis.org.rs\/index.php\/wp-json\/wp\/v2\/tags?post=1496"}],"curies":[{"name":"wp","href":"https:\/\/api.w.org\/{rel}","templated":true}]}}