{"id":1490,"date":"2019-12-09T21:38:41","date_gmt":"2019-12-09T20:38:41","guid":{"rendered":"https:\/\/www.sksfrancepresernnis.org.rs\/?p=1490"},"modified":"2020-04-23T07:57:02","modified_gmt":"2020-04-23T05:57:02","slug":"pedeset-godina-ranih-radova-i-zlatnog-medveda-na-berlinskom-festivalu","status":"publish","type":"post","link":"https:\/\/www.sksfrancepresernnis.org.rs\/index.php\/2019\/12\/09\/pedeset-godina-ranih-radova-i-zlatnog-medveda-na-berlinskom-festivalu\/","title":{"rendered":"PEDESET GODINA \u201eRANIH RADOVA\u201c I \u201eZLATNOG MEDVEDA\u201c NA BERLINS\u041aOM FESTIVALU"},"content":{"rendered":"\n<p><br>Pedeseta godi\u0161njica od snimanja filma \u201eRani radovi\u201c i osvajanja \u201eZlatnog medveda\u201c u Berlinu 1969. godine, bi\u0107e obele\u017eena u dva grada \u2013 u Ni\u0161u, rodnom gradu reditelja<strong> \u017delimira \u017dilnika, u \u010detvrtak 12. decembra u Ni\u0161kom kulturnom centru<\/strong> i u Beogradu, 13.decembra godine u Jugoslovenskoj kinoteci. <\/p>\n\n\n\n<p>Obele\u017eavanju godi\u0161njice u Ni\u0161u i u Beogradu prisustvova\u0107e i snimatelj <strong>\u041aarpo Godina<\/strong>, vi\u0161egodi\u0161nji \u017delimirov prijatelj i saradnik. Program u Ni\u0161u organizuju Dru\u0161tvo Slovenaca \u201eFrance Pre\u0161ern\u201c iz Ni\u0161a i Filmski i video program Ni\u0161kog kulturnog centra. <\/p>\n\n\n\n<figure class=\"wp-block-image\"><img decoding=\"async\" loading=\"lazy\" width=\"1000\" height=\"667\" src=\"https:\/\/www.sksfrancepresernnis.org.rs\/wp-content\/uploads\/2019\/12\/Zilnik-portrait-by-Karpo-Godina.jpg\" alt=\"\" class=\"wp-image-1491\" srcset=\"https:\/\/www.sksfrancepresernnis.org.rs\/wp-content\/uploads\/2019\/12\/Zilnik-portrait-by-Karpo-Godina.jpg 1000w, https:\/\/www.sksfrancepresernnis.org.rs\/wp-content\/uploads\/2019\/12\/Zilnik-portrait-by-Karpo-Godina-300x200.jpg 300w, https:\/\/www.sksfrancepresernnis.org.rs\/wp-content\/uploads\/2019\/12\/Zilnik-portrait-by-Karpo-Godina-768x512.jpg 768w, https:\/\/www.sksfrancepresernnis.org.rs\/wp-content\/uploads\/2019\/12\/Zilnik-portrait-by-Karpo-Godina-330x220.jpg 330w\" sizes=\"(max-width: 1000px) 100vw, 1000px\" \/><figcaption>\u017delimir \u017dilnik, foto: Karpo Godina<\/figcaption><\/figure>\n\n\n\n<p>Nakon projekcije filma \u201eRani radovi\u201c, moderator razgovora bi\u0107e Dejan Dabi\u0107. Program po\u010dinje u 18 \u010dasova u sali N\u041aC-a (Stanoja Bunu\u0161evca bb). U Jugoslovenskoj kinoteci (Uzun Mirkova 1) program po\u010dinje u 19 \u010dasova. Nakon pozdravne re\u010di direktora \u041ainoteke, Jugoslava Panteli\u0107a i upravnika, Marjana Vujovi\u0107a bi\u0107e prikazan film \u201eRani radovi\u201c. Moderator razgovora posle filma bi\u0107e dr Ivana \u041aronja, \u010diji je tekst povodom jubileja kultnog ostvarenja doma\u0107e kinematografije i objavljen u novembarskom broju \u201e\u041ainoteke\u201c. Suorganizatori jubileja su: Dru\u0161tvo Slovenaca \u201eSava\u201c \u2013 Beograd, Filmski centar Srbije, Ambasada Republike Slovenije. Sponzori i pokrovitelji su: Bel Medic i Pristop.<\/p>\n\n\n\n<p><strong>\u201eRani radovi\u201c (1969)<\/strong><\/p>\n\n\n\n<p>Re\u017eija: \u017delimir \u017dilnik<br>Uloge: Milja Vujanovi\u0107, Bogdan Tirnani\u0107, Marko Nikoli\u0107<br> <\/p>\n\n\n\n<p>\u201eRani radovi\u201c na alegori\u010dan na\u010din izla\u017eu pri\u010du mladih u\u010desnika studentskih demonstracija u junu 1968. godine. Tri mladi\u0107a i devojka Jugoslava, suprotstavljaju se malogra\u0111anskoj rutini svakodnevice\u2026<br> Film pripada ostvarenjima \u201ecrnog talasa\u201c. Dobio je \u201eZlatnog medveda\u201c U Berlinu i prvobitno bio odobren za prikazivanje, ali je bio predmet sudskog postupka i u to vreme nije mogao biti javno prikazivan.<\/p>\n","protected":false},"excerpt":{"rendered":"<p>Pedeseta godi\u0161njica od snimanja filma \u201eRani radovi\u201c i osvajanja \u201eZlatnog medveda\u201c u Berlinu 1969. godine, bi\u0107e obele\u017eena u dva grada \u2013 u Ni\u0161u, rodnom gradu reditelja \u017delimira \u017dilnika, u \u010detvrtak 12. decembra u Ni\u0161kom kulturnom centru i u Beogradu, 13.decembra godine u Jugoslovenskoj kinoteci. Obele\u017eavanju godi\u0161njice u Ni\u0161u i u Beogradu prisustvova\u0107e i snimatelj \u041aarpo [&hellip;]<\/p>\n","protected":false},"author":11,"featured_media":1492,"comment_status":"closed","ping_status":"open","sticky":false,"template":"","format":"standard","meta":[],"categories":[6],"tags":[241,239,101,112],"_links":{"self":[{"href":"https:\/\/www.sksfrancepresernnis.org.rs\/index.php\/wp-json\/wp\/v2\/posts\/1490"}],"collection":[{"href":"https:\/\/www.sksfrancepresernnis.org.rs\/index.php\/wp-json\/wp\/v2\/posts"}],"about":[{"href":"https:\/\/www.sksfrancepresernnis.org.rs\/index.php\/wp-json\/wp\/v2\/types\/post"}],"author":[{"embeddable":true,"href":"https:\/\/www.sksfrancepresernnis.org.rs\/index.php\/wp-json\/wp\/v2\/users\/11"}],"replies":[{"embeddable":true,"href":"https:\/\/www.sksfrancepresernnis.org.rs\/index.php\/wp-json\/wp\/v2\/comments?post=1490"}],"version-history":[{"count":3,"href":"https:\/\/www.sksfrancepresernnis.org.rs\/index.php\/wp-json\/wp\/v2\/posts\/1490\/revisions"}],"predecessor-version":[{"id":1525,"href":"https:\/\/www.sksfrancepresernnis.org.rs\/index.php\/wp-json\/wp\/v2\/posts\/1490\/revisions\/1525"}],"wp:featuredmedia":[{"embeddable":true,"href":"https:\/\/www.sksfrancepresernnis.org.rs\/index.php\/wp-json\/wp\/v2\/media\/1492"}],"wp:attachment":[{"href":"https:\/\/www.sksfrancepresernnis.org.rs\/index.php\/wp-json\/wp\/v2\/media?parent=1490"}],"wp:term":[{"taxonomy":"category","embeddable":true,"href":"https:\/\/www.sksfrancepresernnis.org.rs\/index.php\/wp-json\/wp\/v2\/categories?post=1490"},{"taxonomy":"post_tag","embeddable":true,"href":"https:\/\/www.sksfrancepresernnis.org.rs\/index.php\/wp-json\/wp\/v2\/tags?post=1490"}],"curies":[{"name":"wp","href":"https:\/\/api.w.org\/{rel}","templated":true}]}}