{"id":1419,"date":"2019-10-03T14:20:04","date_gmt":"2019-10-03T12:20:04","guid":{"rendered":"https:\/\/www.sksfrancepresernnis.org.rs\/?p=1419"},"modified":"2019-10-03T14:24:34","modified_gmt":"2019-10-03T12:24:34","slug":"obisk-delegacije-drzavnega-zbora-republike-slovenije-v-nisu","status":"publish","type":"post","link":"https:\/\/www.sksfrancepresernnis.org.rs\/index.php\/2019\/10\/03\/obisk-delegacije-drzavnega-zbora-republike-slovenije-v-nisu\/","title":{"rendered":"Obisk delegacije Dr\u017eavnega zbora Republike Slovenije v Ni\u0161u"},"content":{"rendered":"\n<p>V \u010dasu od 17. do 19. septembra 2019, je bila na obisku v Ni\u0161u in okolici delegacija Dr\u017eavnega zbora Republike Slovenije. <\/p>\n\n\n\n<p>18. septembra se je sestanka z na\u010delnico Ni\u0161avskega upravnega okro\u017eja, gospo Dragano Sotirovskom udele\u017eila tudi na\u0161a skupnost France Pre\u0161eren Ni\u0161. Zastopali so jo predsednik in \u010dlani upravnega odbora.<\/p>\n\n\n\n<p>V delegaciji Dr\u017eavnega zbora Republike Slovenije so bili gospod Predrag Bakovi\u0107, narodni poslanec in predsednik Poslanske skupine prijateljstva s Srbijo; gospa Lidija Divjak Mirnik, \u010dlanica Skupine prijateljstva; dr. Franc Tr\u010dek, \u010dlan Skupine prijateljstva; Sta\u0161a Kobi \u0160mid, tajnica Skupine prijateljstva.<\/p>\n\n\n\n<p>Sestranku so prisostvovali narodni poslanci Srbije; predsedniki ob\u010din Aleksinac, Svrljig, Mero\u0161ina, Gad\u017ein Han in Ra\u017eanj; predstavniki Slovenske Kulturne Skupnosti v Ni\u0161u France Pre\u0161eren; direktor Filijale Ni\u0161 Nacionalne slu\u017ebe za zaposlovanje; na\u010delnik Policijske uprave za Ni\u0161; direktor podjetja Put in\u017eenjering; predsedniki mesnih ob\u010din Ni\u0161; direktorji KC Ni\u0161 in Zdravstvenega doma; predstavnica Turisti\u010dne organizacije Ni\u0161.<\/p>\n\n\n\n<p>Sestanek je bil interaktiven, gostje so se predstavili, izrazili svoje zadovoljstvo v zvezi z obiskom delegacije Slovenije in podali predloge v zvezi s soledovanjem\u00a0 med dr\u017eavama.<\/p>\n\n\n\n<p>Predsednik na\u0161e skupnosti, g. Ivica Gruden je predstavil na\u0161o skupnost in njeno petnajstletno delovanje ter ponudil vsakr\u0161no obliko sodelovanja.<\/p>\n\n\n\n<p>\u010clani delegacije Slovenije predstavili so svoje poglede na Srbijo, njeno zvezo s Slovenijo v preteklosti in prihodnosti, prav tako dali nekaj predlogov v zvezi z njenim napredkom in napredkom sodelovanja obeh dr\u017eav.<\/p>\n\n\n\n<p>Hvale\u017eni smo gospe Dragani Sotirovski za obisk in se veselimo na\u0161emu\u00a0 sodelovanju.<\/p>\n\n\n\n<p>Zapisali: Emilija Vagaja, Olivera Jelenkovi\u0107<\/p>\n\n\n\n<ul class=\"is-layout-flex wp-block-gallery-1 wp-block-gallery columns-2 is-cropped\"><li class=\"blocks-gallery-item\"><figure><img decoding=\"async\" loading=\"lazy\" width=\"777\" height=\"437\" src=\"https:\/\/www.sksfrancepresernnis.org.rs\/wp-content\/uploads\/2019\/10\/d2.jpg\" alt=\"\" data-id=\"1420\" data-link=\"https:\/\/www.sksfrancepresernnis.org.rs\/d2\/\" class=\"wp-image-1420\" srcset=\"https:\/\/www.sksfrancepresernnis.org.rs\/wp-content\/uploads\/2019\/10\/d2.jpg 777w, https:\/\/www.sksfrancepresernnis.org.rs\/wp-content\/uploads\/2019\/10\/d2-300x169.jpg 300w, https:\/\/www.sksfrancepresernnis.org.rs\/wp-content\/uploads\/2019\/10\/d2-768x432.jpg 768w\" sizes=\"(max-width: 777px) 100vw, 777px\" \/><figcaption>Sestanek z na\u010delnico Ni\u0161avskega upravnega okro\u017eja, gospo Dragano Sotirovskom<\/figcaption><\/figure><\/li><li class=\"blocks-gallery-item\"><figure><img decoding=\"async\" loading=\"lazy\" width=\"1024\" height=\"602\" src=\"https:\/\/www.sksfrancepresernnis.org.rs\/wp-content\/uploads\/2019\/10\/IMG_20191003_101252-1024x602.jpg\" alt=\"\" data-id=\"1423\" data-link=\"https:\/\/www.sksfrancepresernnis.org.rs\/dav-3\/\" class=\"wp-image-1423\" srcset=\"https:\/\/www.sksfrancepresernnis.org.rs\/wp-content\/uploads\/2019\/10\/IMG_20191003_101252-1024x602.jpg 1024w, https:\/\/www.sksfrancepresernnis.org.rs\/wp-content\/uploads\/2019\/10\/IMG_20191003_101252-300x176.jpg 300w, https:\/\/www.sksfrancepresernnis.org.rs\/wp-content\/uploads\/2019\/10\/IMG_20191003_101252-768x451.jpg 768w, https:\/\/www.sksfrancepresernnis.org.rs\/wp-content\/uploads\/2019\/10\/IMG_20191003_101252.jpg 1600w\" sizes=\"(max-width: 1024px) 100vw, 1024px\" \/><figcaption>Gospod Ivica Gruden, predsednik SKS France Pre\u0161eren<\/figcaption><\/figure><\/li><\/ul>\n\n\n\n<ul class=\"is-layout-flex wp-block-gallery-3 wp-block-gallery columns-2 is-cropped\"><li class=\"blocks-gallery-item\"><figure><img decoding=\"async\" loading=\"lazy\" width=\"1024\" height=\"625\" src=\"https:\/\/www.sksfrancepresernnis.org.rs\/wp-content\/uploads\/2019\/10\/IMG_20191003_101416-1024x625.jpg\" alt=\"\" data-id=\"1424\" data-link=\"https:\/\/www.sksfrancepresernnis.org.rs\/dav-4\/\" class=\"wp-image-1424\" srcset=\"https:\/\/www.sksfrancepresernnis.org.rs\/wp-content\/uploads\/2019\/10\/IMG_20191003_101416-1024x625.jpg 1024w, https:\/\/www.sksfrancepresernnis.org.rs\/wp-content\/uploads\/2019\/10\/IMG_20191003_101416-300x183.jpg 300w, https:\/\/www.sksfrancepresernnis.org.rs\/wp-content\/uploads\/2019\/10\/IMG_20191003_101416-768x468.jpg 768w, https:\/\/www.sksfrancepresernnis.org.rs\/wp-content\/uploads\/2019\/10\/IMG_20191003_101416.jpg 1600w\" sizes=\"(max-width: 1024px) 100vw, 1024px\" \/><figcaption>Gospod Predrag Bakovi\u0107, narodni poslanec in predsednik Poslanske skupine prijateljstva s Srbijo<\/figcaption><\/figure><\/li><li class=\"blocks-gallery-item\"><figure><img decoding=\"async\" loading=\"lazy\" width=\"1024\" height=\"768\" src=\"https:\/\/www.sksfrancepresernnis.org.rs\/wp-content\/uploads\/2019\/10\/IMG_20190918_185046-1024x768.jpg\" alt=\"\" data-id=\"1421\" data-link=\"https:\/\/www.sksfrancepresernnis.org.rs\/dav\/\" class=\"wp-image-1421\" srcset=\"https:\/\/www.sksfrancepresernnis.org.rs\/wp-content\/uploads\/2019\/10\/IMG_20190918_185046-1024x768.jpg 1024w, https:\/\/www.sksfrancepresernnis.org.rs\/wp-content\/uploads\/2019\/10\/IMG_20190918_185046-300x225.jpg 300w, https:\/\/www.sksfrancepresernnis.org.rs\/wp-content\/uploads\/2019\/10\/IMG_20190918_185046-768x576.jpg 768w, https:\/\/www.sksfrancepresernnis.org.rs\/wp-content\/uploads\/2019\/10\/IMG_20190918_185046-640x480.jpg 640w, https:\/\/www.sksfrancepresernnis.org.rs\/wp-content\/uploads\/2019\/10\/IMG_20190918_185046.jpg 1600w\" sizes=\"(max-width: 1024px) 100vw, 1024px\" \/><figcaption>\u010clani delegacije Slovenije in na\u0161e skupnosti<\/figcaption><\/figure><\/li><\/ul>\n\n\n\n<ul class=\"is-layout-flex wp-block-gallery-5 wp-block-gallery columns-1 is-cropped\"><li class=\"blocks-gallery-item\"><figure><img decoding=\"async\" loading=\"lazy\" width=\"1024\" height=\"768\" src=\"https:\/\/www.sksfrancepresernnis.org.rs\/wp-content\/uploads\/2019\/10\/IMG_20190918_192623-1024x768.jpg\" alt=\"\" data-id=\"1422\" data-link=\"https:\/\/www.sksfrancepresernnis.org.rs\/dav-2\/\" class=\"wp-image-1422\" srcset=\"https:\/\/www.sksfrancepresernnis.org.rs\/wp-content\/uploads\/2019\/10\/IMG_20190918_192623-1024x768.jpg 1024w, https:\/\/www.sksfrancepresernnis.org.rs\/wp-content\/uploads\/2019\/10\/IMG_20190918_192623-300x225.jpg 300w, https:\/\/www.sksfrancepresernnis.org.rs\/wp-content\/uploads\/2019\/10\/IMG_20190918_192623-768x576.jpg 768w, https:\/\/www.sksfrancepresernnis.org.rs\/wp-content\/uploads\/2019\/10\/IMG_20190918_192623-640x480.jpg 640w, https:\/\/www.sksfrancepresernnis.org.rs\/wp-content\/uploads\/2019\/10\/IMG_20190918_192623.jpg 1600w\" sizes=\"(max-width: 1024px) 100vw, 1024px\" \/><figcaption>Predsednik Ivica Gruden in \u010dlanice upravnega odbora<\/figcaption><\/figure><\/li><\/ul>\n","protected":false},"excerpt":{"rendered":"<p>V \u010dasu od 17. do 19. septembra 2019, je bila na obisku v Ni\u0161u in okolici delegacija Dr\u017eavnega zbora Republike Slovenije. 18. septembra se je sestanka z na\u010delnico Ni\u0161avskega upravnega okro\u017eja, gospo Dragano Sotirovskom udele\u017eila tudi na\u0161a skupnost France Pre\u0161eren Ni\u0161. Zastopali so jo predsednik in \u010dlani upravnega odbora. V delegaciji Dr\u017eavnega zbora Republike Slovenije [&hellip;]<\/p>\n","protected":false},"author":8,"featured_media":1420,"comment_status":"closed","ping_status":"open","sticky":false,"template":"","format":"standard","meta":[],"categories":[6],"tags":[211,212,209,214,15,213],"_links":{"self":[{"href":"https:\/\/www.sksfrancepresernnis.org.rs\/index.php\/wp-json\/wp\/v2\/posts\/1419"}],"collection":[{"href":"https:\/\/www.sksfrancepresernnis.org.rs\/index.php\/wp-json\/wp\/v2\/posts"}],"about":[{"href":"https:\/\/www.sksfrancepresernnis.org.rs\/index.php\/wp-json\/wp\/v2\/types\/post"}],"author":[{"embeddable":true,"href":"https:\/\/www.sksfrancepresernnis.org.rs\/index.php\/wp-json\/wp\/v2\/users\/8"}],"replies":[{"embeddable":true,"href":"https:\/\/www.sksfrancepresernnis.org.rs\/index.php\/wp-json\/wp\/v2\/comments?post=1419"}],"version-history":[{"count":1,"href":"https:\/\/www.sksfrancepresernnis.org.rs\/index.php\/wp-json\/wp\/v2\/posts\/1419\/revisions"}],"predecessor-version":[{"id":1425,"href":"https:\/\/www.sksfrancepresernnis.org.rs\/index.php\/wp-json\/wp\/v2\/posts\/1419\/revisions\/1425"}],"wp:featuredmedia":[{"embeddable":true,"href":"https:\/\/www.sksfrancepresernnis.org.rs\/index.php\/wp-json\/wp\/v2\/media\/1420"}],"wp:attachment":[{"href":"https:\/\/www.sksfrancepresernnis.org.rs\/index.php\/wp-json\/wp\/v2\/media?parent=1419"}],"wp:term":[{"taxonomy":"category","embeddable":true,"href":"https:\/\/www.sksfrancepresernnis.org.rs\/index.php\/wp-json\/wp\/v2\/categories?post=1419"},{"taxonomy":"post_tag","embeddable":true,"href":"https:\/\/www.sksfrancepresernnis.org.rs\/index.php\/wp-json\/wp\/v2\/tags?post=1419"}],"curies":[{"name":"wp","href":"https:\/\/api.w.org\/{rel}","templated":true}]}}