{"id":1356,"date":"2019-07-05T17:28:19","date_gmt":"2019-07-05T15:28:19","guid":{"rendered":"https:\/\/www.sksfrancepresernnis.org.rs\/?p=1356"},"modified":"2019-07-05T21:57:31","modified_gmt":"2019-07-05T19:57:31","slug":"marko-japelj-aktuelni-i-uros-vagaja-takode-uspesni-i-plodni-scenograf-iz-50ih-i-60ih-godina-dvadesetog-veka-paralele","status":"publish","type":"post","link":"https:\/\/www.sksfrancepresernnis.org.rs\/index.php\/2019\/07\/05\/marko-japelj-aktuelni-i-uros-vagaja-takode-uspesni-i-plodni-scenograf-iz-50ih-i-60ih-godina-dvadesetog-veka-paralele\/","title":{"rendered":"MARKO JAPELJ AKTUELNI I URO\u0160 VAGAJA TAKO\u0110E USPE\u0160NI I PLODNI SCENOGRAF IZ 50IH I 60IH GODINA DVADESETOG VEKA &#8212;- PARALELE"},"content":{"rendered":"\n<p>Shvativ\u0161i\nda ga veoma zanima dizajniiranje i prostor, Marko Japelj upisuje studije\narhitekture,&nbsp; kako bi dobio znanja da\nprakti\u010dno realizuje svoju veliku ljubav. Jo\u0161 na studijama, realizirao je svoju\nprvu scenografiju. Prva profesionalna scenografija se odnosi na predstavu \u201eTri\nsestre\u201c u&nbsp; re\u017eiji Vita Taufera \/ 1987.\n\/.Ostvario je preko 200 scenografija za pozori\u0161te, film, tv serije, reklame, u\nSloveniji i inostranstvu. Prelomna predstava je bila \u201e\u0160eherezada\u201c 90ih godina,\nod kada redovno sara\u0111uje sa Edwardom Clugom. Pored projekata u Sloveniji,\nrealizovao je brojne projekte za operske i baletne ku\u0107e u Cirihu, Gentu,\nAntwerpenu, Rigi, Bratislavi, Metzu, Zagrebu, Beogradu, Australiji, Nema\u010dkoj,\nEngleskoj.<\/p>\n\n\n\n<p>Bio je dve\ngodine gostuju\u0107i profesor i rukovodilac odeljka za scenografiju na Visokoj\n\u0161koli za uporednu umetnost u Be\u010du.<\/p>\n\n\n\n<p>Za svoj rad\nnagra\u0111ivan je vi\u0161e puta. Dobio je Pre\u0161ernovu nagradu za 1996. godinu.<\/p>\n\n\n\n<p>Uro\u0161 Vagaja\n\/ 1920. \/ upisao je arhitekturu u Ljubljani 1941. godine. Rat je nasilno\nprekinuo studije. Uklju\u010duje se u pokret OF od samog po\u010detka. Od januara 1945.\nradi kao crta\u010d i korektor u partizanskoj \u0161tampariji \u201eDoberdob\u201c. Odmah nakon\noslobodjenja ide u Prag na studije arhitekture. Nakon rezolucije Informbiroa\n1948. vra\u0107a se u zemlju i nastavlja sa studijama u Ljubljani .<\/p>\n\n\n\n<p>Tokom\n\u010ditavog profesionalnog perioda, od po\u010detka 50ih pa do njegve smrti 1971. je bio\nslobodan umetnik. Za svoj rad dobio je mnoge nagrade, medju kojima i Pre\u0161ernovu\nnagradu za 1969. godinu.U obrazlo\u017eenju stoji da, pored temeljite funkcionalne\nobrade scenskog prostora, komponuje taj prostor sa dubokim umetni\u010dkim ose\u0107ajem\nza likovne elemente, \u0161to uzdi\u017ee scenu iznad konstruktivisti\u010dkog dizajna. Njegov\nprostor nije samo lju\u0161tura doga\u0111aja, no di\u0161e tipi\u010dnom atmosferom. Va\u017ean je i\nkao dizajner knjiga, plakata, kataloga, prospekata i svih vrsta grafi\u010dkog\nizra\u017eavanja. Radovi su mu izlagani u mnogim evropskim zemljama.<\/p>\n\n\n\n<p>Na\ndvadesetu obletnicu njegove smrti, 1991. godine, Muzej arhitekture Ljubljana je\nu Jakopi\u010devoj galeriji organizovao retrospektivnu izlo\u017ebu \u201eOblikovanje\nv petdesetih in \u0161estdesetih letih\u201c. Tom prilikom je \u0161tampana prigodna monografija\no njegovom delu,plod velikog i dugog istra\u017eivanja kusto\u0161kinje muzeja.<\/p>\n\n\n\n<p>Moja\nmalenkost je Marku Japelju poslala mail, u kome mu \u010destitam na apsolutnoj pobedi\nna festivalu u Ni\u0161u sa dramom \u201eSumrak Bogova\u201c. Obavestila sam ga da su mnogi\n\u010dlanovi SKS France Pre\u0161eren gledali dramu, a ja sam pisala i kritiku na\ninternet stranici dru\u0161va. Pored toga sam mu napisala da je moj deda po ocu,\nUro\u0161 Vagaja , bio scenograf i daje,izmedju ostalih pozori\u0161nih ku\u0107a, radio\nscenografiju i za SNG Maribor.Na kraju sam ga zamolila da ka\u017ee ne\u0161to o nagra\u0111enoj\npredstavi, kao i da prokomentari\u0161e scenografiju nekad i sad.<\/p>\n\n\n\n<p>Marko\nJapelj je odgovorio da mu je veoma drago da je predstava tako dobro primljena u\nNi\u0161u. Pohvalio je moju kritiku sa sajta i rekao da je tu ve\u0107 dato \u0161to se ti\u010de\nizvedbe i koncepta predstave,&nbsp; kao i\nodnosa tada\u0161njeg i sada\u0161njeg istorijskog okvira.Rekao je da mu je moj deda\npoznat po imenu i je da ba\u0161 trenutno u Ljubljani postavljena izlo\u017eba \u201eScenografija\nu Sloveniji do 1991. godine\u201c gde je predstavljen i moj deda, a i njegovi\npo\u010detni radovi.Napisao je da je njegov deda po ocu bio pozori\u0161ni fotograf do\npo\u010detka 60ih, tako da nema slika spomenute predstave u njihovom arhivu. Slike\nkoje su u monografiji verovatno su onda do\u0161le iz arhive Obzorja Maribor.<\/p>\n\n\n\n<p>Vra\u0107aju\u0107i se\nna predstavu ka\u017ee: \u201eI ja mislim da je izvedbeni koncept predstave jako dobar,\njer govori o tome kako brzo iz nekog, barem na prvi pogled normalnog miljea,\neskalira mr\u017enja i krajnja agresija. Scenografski sam poku\u0161ao pratiti sa\nlociranjem velike pe\u0107i, koja se transformi\u0161e iz \u2019doma\u0107eg\u2019 kamina u idustrijsku\npe\u0107, te u krajnjoj fazi u krematorijsku pe\u0107.Ina\u010de smatram da scenografije treba\nuvek suditi prema vremenskom kontekstu, kako se percepcija publike i javnosti\nstalno menja. Sada, u poplavi informacija,izo\u0161trene, reducirane i usmerene\nporuke lak\u0161e sti\u017eu i taknu se gledalaca, koji koji ih u tom obliku shvataju\u201c.<\/p>\n\n\n\n<p>Na kraju mi je gospodin Japelj \u010destitao na skorom diplomiranju i po\u017eeleo uspe\u0161an profesionalni put. Spomenuo je da je u njegovoj porodici bilo nekoliko lekara. Sa Srbijom je bio najvi\u0161e povezan njegov pradeda Edo \u0160lajmer,koji je kao hirurg dobrovoljac u\u010devstvovao u Balkanskim ratovima. Njegov otac se rado se\u0107a meseci provedenih na VMA Beograd.<\/p>\n\n\n\n<p>Ovaj \u010dlanak je pisan pod jakim li\u010dnim emotivnim nabojem. Pored ovog razgovora putem interneta, sa meni dragim scenografom izuzetnih predstava, bila je prisutna i \u017eelja da se o\u010duva uspomena na mog dedu, predstavi on, a pored njega i izuzetni savremeni slovena\u010dki scenograf. \u010clanak bi trebalo da se objavi na sajtu SKS France Pre\u0161eren na obletnicu smrti moga dede 5. jula 2019.<\/p>\n\n\n\n<p>Vi\u0161e o delu Uro\u0161a Vagaje mo\u017eete videti na spletnoj strani &#8212; <a href=\"http:\/\/vagaja.com\">vagaja.com<\/a><\/p>\n\n\n\n<p> Pi\u0161e: Emilija Vagaja<\/p>\n\n\n\n<p><\/p>\n\n\n\n<ul class=\"is-layout-flex wp-block-gallery-1 wp-block-gallery columns-3 is-cropped\"><li class=\"blocks-gallery-item\"><figure><img decoding=\"async\" loading=\"lazy\" width=\"273\" height=\"350\" src=\"https:\/\/www.sksfrancepresernnis.org.rs\/wp-content\/uploads\/2019\/07\/1.jpg\" alt=\"\" data-id=\"1360\" data-link=\"https:\/\/www.sksfrancepresernnis.org.rs\/1-11\/\" class=\"wp-image-1360\" srcset=\"https:\/\/www.sksfrancepresernnis.org.rs\/wp-content\/uploads\/2019\/07\/1.jpg 273w, https:\/\/www.sksfrancepresernnis.org.rs\/wp-content\/uploads\/2019\/07\/1-234x300.jpg 234w\" sizes=\"(max-width: 273px) 100vw, 273px\" \/><figcaption>Marko Japelj<\/figcaption><\/figure><\/li><li class=\"blocks-gallery-item\"><figure><img decoding=\"async\" loading=\"lazy\" width=\"640\" height=\"406\" src=\"https:\/\/www.sksfrancepresernnis.org.rs\/wp-content\/uploads\/2019\/07\/2.jpg\" alt=\"\" data-id=\"1361\" data-link=\"https:\/\/www.sksfrancepresernnis.org.rs\/2-13\/\" class=\"wp-image-1361\" srcset=\"https:\/\/www.sksfrancepresernnis.org.rs\/wp-content\/uploads\/2019\/07\/2.jpg 640w, https:\/\/www.sksfrancepresernnis.org.rs\/wp-content\/uploads\/2019\/07\/2-300x190.jpg 300w\" sizes=\"(max-width: 640px) 100vw, 640px\" \/><figcaption>M. Japelj i predstava &#8220;Sumrak Bogova&#8221;, Ni\u0161, &#8220;Teatar na raskr\u0161\u0107u&#8221; mart 2019.<\/figcaption><\/figure><\/li><li class=\"blocks-gallery-item\"><figure><img decoding=\"async\" loading=\"lazy\" width=\"680\" height=\"403\" src=\"https:\/\/www.sksfrancepresernnis.org.rs\/wp-content\/uploads\/2019\/07\/3.jpg\" alt=\"\" data-id=\"1362\" data-link=\"https:\/\/www.sksfrancepresernnis.org.rs\/3-14\/\" class=\"wp-image-1362\" srcset=\"https:\/\/www.sksfrancepresernnis.org.rs\/wp-content\/uploads\/2019\/07\/3.jpg 680w, https:\/\/www.sksfrancepresernnis.org.rs\/wp-content\/uploads\/2019\/07\/3-300x178.jpg 300w\" sizes=\"(max-width: 680px) 100vw, 680px\" \/><figcaption>M. Japelj i predstava &#8220;Sumrak Bogova&#8221;, Ni\u0161, &#8220;Teatar na raskr\u0161\u0107u&#8221; mart 2019.<\/figcaption><\/figure><\/li><li class=\"blocks-gallery-item\"><figure><img decoding=\"async\" loading=\"lazy\" width=\"2976\" height=\"3968\" src=\"https:\/\/www.sksfrancepresernnis.org.rs\/wp-content\/uploads\/2019\/07\/4-768x1024.jpg\" alt=\"\" data-id=\"1363\" data-link=\"https:\/\/www.sksfrancepresernnis.org.rs\/4-10\/\" class=\"wp-image-1363\" srcset=\"https:\/\/www.sksfrancepresernnis.org.rs\/wp-content\/uploads\/2019\/07\/4-768x1024.jpg 768w, https:\/\/www.sksfrancepresernnis.org.rs\/wp-content\/uploads\/2019\/07\/4-225x300.jpg 225w\" sizes=\"(max-width: 2976px) 100vw, 2976px\" \/><figcaption>U. Vagaja, Monografija za retrospektivnu izlo\u017ebu<\/figcaption><\/figure><\/li><li class=\"blocks-gallery-item\"><figure><img decoding=\"async\" loading=\"lazy\" width=\"522\" height=\"700\" src=\"https:\/\/www.sksfrancepresernnis.org.rs\/wp-content\/uploads\/2019\/07\/5.jpg\" alt=\"\" data-id=\"1364\" data-link=\"https:\/\/www.sksfrancepresernnis.org.rs\/5-8\/\" class=\"wp-image-1364\" srcset=\"https:\/\/www.sksfrancepresernnis.org.rs\/wp-content\/uploads\/2019\/07\/5.jpg 522w, https:\/\/www.sksfrancepresernnis.org.rs\/wp-content\/uploads\/2019\/07\/5-224x300.jpg 224w\" sizes=\"(max-width: 522px) 100vw, 522px\" \/><figcaption>Uro\u0161 Vagaja<\/figcaption><\/figure><\/li><li class=\"blocks-gallery-item\"><figure><img decoding=\"async\" loading=\"lazy\" width=\"1024\" height=\"768\" src=\"https:\/\/www.sksfrancepresernnis.org.rs\/wp-content\/uploads\/2019\/07\/6-1024x768.jpg\" alt=\"\" data-id=\"1365\" data-link=\"https:\/\/www.sksfrancepresernnis.org.rs\/6-6\/\" class=\"wp-image-1365\" srcset=\"https:\/\/www.sksfrancepresernnis.org.rs\/wp-content\/uploads\/2019\/07\/6-1024x768.jpg 1024w, https:\/\/www.sksfrancepresernnis.org.rs\/wp-content\/uploads\/2019\/07\/6-300x225.jpg 300w, https:\/\/www.sksfrancepresernnis.org.rs\/wp-content\/uploads\/2019\/07\/6-768x576.jpg 768w, https:\/\/www.sksfrancepresernnis.org.rs\/wp-content\/uploads\/2019\/07\/6-640x480.jpg 640w\" sizes=\"(max-width: 1024px) 100vw, 1024px\" \/><figcaption>U. Vagaja i predstava &#8220;Marionete&#8221; SNG v Mariboru, februar 1968.<\/figcaption><\/figure><\/li><li class=\"blocks-gallery-item\"><figure><img decoding=\"async\" loading=\"lazy\" width=\"1024\" height=\"732\" src=\"https:\/\/www.sksfrancepresernnis.org.rs\/wp-content\/uploads\/2019\/07\/7-1024x732.jpg\" alt=\"\" data-id=\"1366\" data-link=\"https:\/\/www.sksfrancepresernnis.org.rs\/7-7\/\" class=\"wp-image-1366\" srcset=\"https:\/\/www.sksfrancepresernnis.org.rs\/wp-content\/uploads\/2019\/07\/7-1024x732.jpg 1024w, https:\/\/www.sksfrancepresernnis.org.rs\/wp-content\/uploads\/2019\/07\/7-300x215.jpg 300w, https:\/\/www.sksfrancepresernnis.org.rs\/wp-content\/uploads\/2019\/07\/7-768x549.jpg 768w\" sizes=\"(max-width: 1024px) 100vw, 1024px\" \/><figcaption>U. Vagaja i predstava &#8220;Marionete&#8221; SNG v Mariboru, februar 1968.<\/figcaption><\/figure><\/li><\/ul>\n","protected":false},"excerpt":{"rendered":"<p>Shvativ\u0161i da ga veoma zanima dizajniiranje i prostor, Marko Japelj upisuje studije arhitekture,&nbsp; kako bi dobio znanja da prakti\u010dno realizuje svoju veliku ljubav. Jo\u0161 na studijama, realizirao je svoju prvu scenografiju. Prva profesionalna scenografija se odnosi na predstavu \u201eTri sestre\u201c u&nbsp; re\u017eiji Vita Taufera \/ 1987. \/.Ostvario je preko 200 scenografija za pozori\u0161te, film, tv [&hellip;]<\/p>\n","protected":false},"author":8,"featured_media":1373,"comment_status":"closed","ping_status":"open","sticky":false,"template":"","format":"standard","meta":[],"categories":[7],"tags":[195,194,198,196,197],"_links":{"self":[{"href":"https:\/\/www.sksfrancepresernnis.org.rs\/index.php\/wp-json\/wp\/v2\/posts\/1356"}],"collection":[{"href":"https:\/\/www.sksfrancepresernnis.org.rs\/index.php\/wp-json\/wp\/v2\/posts"}],"about":[{"href":"https:\/\/www.sksfrancepresernnis.org.rs\/index.php\/wp-json\/wp\/v2\/types\/post"}],"author":[{"embeddable":true,"href":"https:\/\/www.sksfrancepresernnis.org.rs\/index.php\/wp-json\/wp\/v2\/users\/8"}],"replies":[{"embeddable":true,"href":"https:\/\/www.sksfrancepresernnis.org.rs\/index.php\/wp-json\/wp\/v2\/comments?post=1356"}],"version-history":[{"count":10,"href":"https:\/\/www.sksfrancepresernnis.org.rs\/index.php\/wp-json\/wp\/v2\/posts\/1356\/revisions"}],"predecessor-version":[{"id":1378,"href":"https:\/\/www.sksfrancepresernnis.org.rs\/index.php\/wp-json\/wp\/v2\/posts\/1356\/revisions\/1378"}],"wp:featuredmedia":[{"embeddable":true,"href":"https:\/\/www.sksfrancepresernnis.org.rs\/index.php\/wp-json\/wp\/v2\/media\/1373"}],"wp:attachment":[{"href":"https:\/\/www.sksfrancepresernnis.org.rs\/index.php\/wp-json\/wp\/v2\/media?parent=1356"}],"wp:term":[{"taxonomy":"category","embeddable":true,"href":"https:\/\/www.sksfrancepresernnis.org.rs\/index.php\/wp-json\/wp\/v2\/categories?post=1356"},{"taxonomy":"post_tag","embeddable":true,"href":"https:\/\/www.sksfrancepresernnis.org.rs\/index.php\/wp-json\/wp\/v2\/tags?post=1356"}],"curies":[{"name":"wp","href":"https:\/\/api.w.org\/{rel}","templated":true}]}}