{"id":1337,"date":"2019-06-26T16:17:01","date_gmt":"2019-06-26T14:17:01","guid":{"rendered":"https:\/\/www.sksfrancepresernnis.org.rs\/?p=1337"},"modified":"2019-12-01T12:56:11","modified_gmt":"2019-12-01T11:56:11","slug":"evropsko-prvenstvo-u-kosarci-za-zene-zmagali-bomo-foto","status":"publish","type":"post","link":"https:\/\/www.sksfrancepresernnis.org.rs\/index.php\/2019\/06\/26\/evropsko-prvenstvo-u-kosarci-za-zene-zmagali-bomo-foto\/","title":{"rendered":"Evropsko prvenstvo u ko\u0161arci za \u017eene: Zmagali bomo! (FOTO)"},"content":{"rendered":"<p>Odabranice Damira Grgi\u0107a, najbolje ko\u0161arka\u0161ice Slovenije su ve\u0107 u Ni\u0161u, spremne za sutra\u0161nji okr\u0161aj sa Ma\u0111aricama u hali &#8220;\u010cair&#8221;. \u010clanovi SKS &#8220;France Pre\u0161eren&#8221; iskoristili su priliku da, posle treninga, po\u017eele uspeh Slovenkama na Evropskom prvenstvu, kao i da uprili\u010de zajedni\u010dku fotografiju .<\/p>\n<p>Sve je spremno za po\u010detak <a href=\"http:\/\/www.kzs.si\/clanek\/EP-ZA-ZENSKE%3A-Slovenke-za-uvod-proti-Madzarski\/id\/1824\">Evropskog prvenstva<\/a> i kao \u0161to je najavljeno, Slovenija igra tri utakmice u ni\u0161koj hali &#8220;\u010cair&#8221;. U \u010detvrtak, 27. juna od 16 sati, Slovenke \u0107e imati prvu tekmu sa Ma\u0111aracima. Ova utakmica je veoma bitna i svi o\u010dekuju pobedu.<\/p>\n<p>U petak, 28.juna, tako\u0111e od 16 sati, reprezentacija Slovenije igra sa najboljim ko\u0161arka\u0161icama Turske, a u nedelju od 18.30, na parketu u \u010cairu \u0107e snage odmeriti sa Italijankama. Ovoj tekmi je prisustvo najavio i NJ.E. Iztok Jarc, ambasador Slovenije u Srbiji.<\/p>\n<p>Sportski duh u slovenskom timu je na visokom nivou, a sre\u0107u u predstoje\u0107im kvalifikacijama \u010dlanovi SKS &#8220;France Pre\u0161ern&#8221; po\u017eeleli su na terenu, gde je Nika Bari\u010d, kapetanka reprezentacije dobila cve\u0107e.<\/p>\n<p>Najzalu\u017eniji za ovaj lep susret je <strong>Borut Rismal, direktor izdava\u010dke ku\u0107e IOLAR DOO iz Ljubljane,<\/strong> koji je dru\u0161tvo povezao sa Gregom Brezovcem iz Ko\u0161arka\u0161kog saveza Slovenije, a njegova firma je otkupila 50 karata za \u010dlanove slovenske skupnosti, koji \u0107e u narednim danima sa tribina svim snagama navijati za devojke.<\/p>\n<p>Izjave za POP TV (24ur.com) i radio VAL 202 dali su predsednik SKS FP Ivica Gruden, kao i najstarija \u010dlanica skupnosti Marija Ferle\u017e Burazor.<\/p>\n<p>Subota je slobodan dan,\u00a0 Kompas\u00a0 je za slovensku hi\u0161u izabrao kafi\u0107 &#8220;Hush Hush&#8221; u ulici generela Tranijea i tamo \u0107e se, posle tekme sa Turskom, u petak 28. juna na\u0107i navija\u010di, igra\u010dice i stru\u010dni \u0161tab, a na ovo dru\u017eenje pozvani su i \u010dlanovi SKS &#8220;France Pre\u0161eren&#8221;.<\/p>\n<div id='gallery-1' class='gallery galleryid-1337 gallery-columns-6 gallery-size-thumbnail'><figure class='gallery-item'>\n\t\t\t<div class='gallery-icon landscape'>\n\t\t\t\t<a href='https:\/\/www.sksfrancepresernnis.org.rs\/index.php\/2019\/06\/26\/evropsko-prvenstvo-u-kosarci-za-zene-zmagali-bomo-foto\/1-10\/'><img width=\"150\" height=\"150\" src=\"https:\/\/www.sksfrancepresernnis.org.rs\/wp-content\/uploads\/2019\/06\/1-2-150x150.jpg\" class=\"attachment-thumbnail size-thumbnail\" alt=\"\" decoding=\"async\" loading=\"lazy\" aria-describedby=\"gallery-1-1338\" \/><\/a>\n\t\t\t<\/div>\n\t\t\t\t<figcaption class='wp-caption-text gallery-caption' id='gallery-1-1338'>\n\t\t\t\tFoto: Luka Radulovi\u0107\n\t\t\t\t<\/figcaption><\/figure><figure class='gallery-item'>\n\t\t\t<div class='gallery-icon landscape'>\n\t\t\t\t<a href='https:\/\/www.sksfrancepresernnis.org.rs\/index.php\/2019\/06\/26\/evropsko-prvenstvo-u-kosarci-za-zene-zmagali-bomo-foto\/3-13\/'><img width=\"150\" height=\"150\" src=\"https:\/\/www.sksfrancepresernnis.org.rs\/wp-content\/uploads\/2019\/06\/3-1-150x150.jpg\" class=\"attachment-thumbnail size-thumbnail\" alt=\"\" decoding=\"async\" loading=\"lazy\" aria-describedby=\"gallery-1-1340\" \/><\/a>\n\t\t\t<\/div>\n\t\t\t\t<figcaption class='wp-caption-text gallery-caption' id='gallery-1-1340'>\n\t\t\t\tNavija\u010di SKS France Preseren\n\t\t\t\t<\/figcaption><\/figure><figure class='gallery-item'>\n\t\t\t<div class='gallery-icon landscape'>\n\t\t\t\t<a href='https:\/\/www.sksfrancepresernnis.org.rs\/index.php\/2019\/06\/26\/evropsko-prvenstvo-u-kosarci-za-zene-zmagali-bomo-foto\/5-7\/'><img width=\"150\" height=\"150\" src=\"https:\/\/www.sksfrancepresernnis.org.rs\/wp-content\/uploads\/2019\/06\/5-1-150x150.jpg\" class=\"attachment-thumbnail size-thumbnail\" alt=\"\" decoding=\"async\" loading=\"lazy\" aria-describedby=\"gallery-1-1342\" \/><\/a>\n\t\t\t<\/div>\n\t\t\t\t<figcaption class='wp-caption-text gallery-caption' id='gallery-1-1342'>\n\t\t\t\tIvica Gruden\n\t\t\t\t<\/figcaption><\/figure><figure class='gallery-item'>\n\t\t\t<div class='gallery-icon landscape'>\n\t\t\t\t<a href='https:\/\/www.sksfrancepresernnis.org.rs\/index.php\/2019\/06\/26\/evropsko-prvenstvo-u-kosarci-za-zene-zmagali-bomo-foto\/6-5\/'><img width=\"150\" height=\"150\" src=\"https:\/\/www.sksfrancepresernnis.org.rs\/wp-content\/uploads\/2019\/06\/6-150x150.jpg\" class=\"attachment-thumbnail size-thumbnail\" alt=\"\" decoding=\"async\" loading=\"lazy\" aria-describedby=\"gallery-1-1343\" \/><\/a>\n\t\t\t<\/div>\n\t\t\t\t<figcaption class='wp-caption-text gallery-caption' id='gallery-1-1343'>\n\t\t\t\tMarija Ferle\u017e Burazor\n\t\t\t\t<\/figcaption><\/figure><figure class='gallery-item'>\n\t\t\t<div class='gallery-icon landscape'>\n\t\t\t\t<a href='https:\/\/www.sksfrancepresernnis.org.rs\/index.php\/2019\/06\/26\/evropsko-prvenstvo-u-kosarci-za-zene-zmagali-bomo-foto\/7-6\/'><img width=\"150\" height=\"150\" src=\"https:\/\/www.sksfrancepresernnis.org.rs\/wp-content\/uploads\/2019\/06\/7-150x150.jpg\" class=\"attachment-thumbnail size-thumbnail\" alt=\"\" decoding=\"async\" loading=\"lazy\" aria-describedby=\"gallery-1-1344\" \/><\/a>\n\t\t\t<\/div>\n\t\t\t\t<figcaption class='wp-caption-text gallery-caption' id='gallery-1-1344'>\n\t\t\t\tSanja  Modri\u010d iz POP TV, Slovenija\n\t\t\t\t<\/figcaption><\/figure><figure class='gallery-item'>\n\t\t\t<div class='gallery-icon landscape'>\n\t\t\t\t<a href='https:\/\/www.sksfrancepresernnis.org.rs\/index.php\/2019\/06\/26\/evropsko-prvenstvo-u-kosarci-za-zene-zmagali-bomo-foto\/11-3\/'><img width=\"150\" height=\"150\" src=\"https:\/\/www.sksfrancepresernnis.org.rs\/wp-content\/uploads\/2019\/06\/11-150x150.jpg\" class=\"attachment-thumbnail size-thumbnail\" alt=\"\" decoding=\"async\" loading=\"lazy\" \/><\/a>\n\t\t\t<\/div><\/figure>\n\t\t<\/div>\n\n<p><strong>VSO SRE\u010cO Z ZMAGO!<\/strong><\/p>\n<div class=\"tw-swapa\">\n<div class=\"DHcWmd\">Pi\u0161e: Olivera Sa\u0161ek Radulovi\u0107<\/div>\n<\/div>\n<div class=\"oSioSc\">\n<div id=\"tw-target\">\n<div id=\"kAz1tf\" class=\"g9WsWb\">\n<div id=\"tw-target-text-container\" class=\"tw-ta-container tw-nfl\">\n<pre id=\"tw-target-text\" class=\"tw-data-text tw-ta tw-text-medium\" dir=\"ltr\" data-placeholder=\"Translation\"><span lang=\"sl\" tabindex=\"0\">\u00a0<\/span><\/pre>\n<\/div>\n<\/div>\n<\/div>\n<\/div>\n","protected":false},"excerpt":{"rendered":"<p>Odabranice Damira Grgi\u0107a, najbolje ko\u0161arka\u0161ice Slovenije su ve\u0107 u Ni\u0161u, spremne za sutra\u0161nji okr\u0161aj sa Ma\u0111aricama u hali &#8220;\u010cair&#8221;. \u010clanovi SKS &#8220;France Pre\u0161eren&#8221; iskoristili su priliku da, posle treninga, po\u017eele uspeh Slovenkama na Evropskom prvenstvu, kao i da uprili\u010de zajedni\u010dku fotografiju . Sve je spremno za po\u010detak Evropskog prvenstva i kao \u0161to je najavljeno, Slovenija [&hellip;]<\/p>\n","protected":false},"author":11,"featured_media":1345,"comment_status":"closed","ping_status":"open","sticky":false,"template":"","format":"standard","meta":[],"categories":[7,6],"tags":[193,185,186,192],"_links":{"self":[{"href":"https:\/\/www.sksfrancepresernnis.org.rs\/index.php\/wp-json\/wp\/v2\/posts\/1337"}],"collection":[{"href":"https:\/\/www.sksfrancepresernnis.org.rs\/index.php\/wp-json\/wp\/v2\/posts"}],"about":[{"href":"https:\/\/www.sksfrancepresernnis.org.rs\/index.php\/wp-json\/wp\/v2\/types\/post"}],"author":[{"embeddable":true,"href":"https:\/\/www.sksfrancepresernnis.org.rs\/index.php\/wp-json\/wp\/v2\/users\/11"}],"replies":[{"embeddable":true,"href":"https:\/\/www.sksfrancepresernnis.org.rs\/index.php\/wp-json\/wp\/v2\/comments?post=1337"}],"version-history":[{"count":5,"href":"https:\/\/www.sksfrancepresernnis.org.rs\/index.php\/wp-json\/wp\/v2\/posts\/1337\/revisions"}],"predecessor-version":[{"id":1485,"href":"https:\/\/www.sksfrancepresernnis.org.rs\/index.php\/wp-json\/wp\/v2\/posts\/1337\/revisions\/1485"}],"wp:featuredmedia":[{"embeddable":true,"href":"https:\/\/www.sksfrancepresernnis.org.rs\/index.php\/wp-json\/wp\/v2\/media\/1345"}],"wp:attachment":[{"href":"https:\/\/www.sksfrancepresernnis.org.rs\/index.php\/wp-json\/wp\/v2\/media?parent=1337"}],"wp:term":[{"taxonomy":"category","embeddable":true,"href":"https:\/\/www.sksfrancepresernnis.org.rs\/index.php\/wp-json\/wp\/v2\/categories?post=1337"},{"taxonomy":"post_tag","embeddable":true,"href":"https:\/\/www.sksfrancepresernnis.org.rs\/index.php\/wp-json\/wp\/v2\/tags?post=1337"}],"curies":[{"name":"wp","href":"https:\/\/api.w.org\/{rel}","templated":true}]}}