{"id":1263,"date":"2019-04-07T23:46:49","date_gmt":"2019-04-07T21:46:49","guid":{"rendered":"https:\/\/www.sksfrancepresernnis.org.rs\/?p=1263"},"modified":"2019-12-01T12:55:08","modified_gmt":"2019-12-01T11:55:08","slug":"nis-nas-ne-ustavi","status":"publish","type":"post","link":"https:\/\/www.sksfrancepresernnis.org.rs\/index.php\/2019\/04\/07\/nis-nas-ne-ustavi\/","title":{"rendered":"Ni\u0161 nas ne ustavi"},"content":{"rendered":"<p class=\"yiv0133560930MsoNormal\">\u0160irom Slovenije osvanuli su\u00a0 plakati\u00a0 sa porukom na slovena\u010dkom jeziku \u201cNi\u0161 nas ne ustavi\u201d &#8211; &#8220;ni\u0161ta nas ne\u0107e zaustaviti&#8221;, a odnosi se na predstoje\u0107e 37. Evropsko prvenstvo u ko\u0161arci za \u017eene, \u010dije se kvalifikacije odr\u017eavaju od 27. -30. juna u hali &#8220;\u010cair&#8221; u Ni\u0161u.<\/p>\n<p class=\"yiv0133560930MsoNormal\">Na ovom bilbodu upotrebljena je dobra igra re\u010di,\u00a0 jer \u201cni\u0161\u201d u slovena\u010dkom slengu zna\u010di i \u201cni\u010d\u201d \u2013 \u201cni\u0161ta&#8221;, tako da poruka \u201cNi\u0161 nas ne ustavi\u201d zna\u010di i &#8220;ni\u0161ta nas ne\u0107e zaustaviti&#8221; i &#8220;u Ni\u0161u nas ne\u0107e zaustaviti&#8221;.<\/p>\n<p class=\"yiv0133560930MsoNormal\">Ovi plakati ujedno su poziv Slovencima da posete Evropski \u0161ampionat u ko\u0161arci za \u017eene u Ni\u0161u i time daju podr\u0161ku svojoj reprezantaciji. Dobrodo\u0161li i sretno!<\/p>\n<p class=\"yiv0133560930MsoNormal\"><b>Da podsetimo, 37. Evropsko prvenstvo u ko\u0161arci za \u017eene<\/b> odr\u017ea\u0107e se u periodu od <strong>27. \u00a0juna do 07. jula<\/strong>, u Letoniji i Srbiji, u organizaciji Ko\u0161arka\u0161kog saveza Letonije, Ko\u0161arka\u0161kog savez Srbije i Me\u0111unarodne ko\u0161arka\u0161ke federacije (FIBA).<\/p>\n<p>Programom je predvi\u0111eno u\u010de\u0161\u0107e 16 reprezentacija koje \u0107e biti raspore\u0111ene u 4 grupe, sa po 4 ekipe. Slovenija igra u grupi C , sa Ma\u0111arskom, Turskom i Italijom, a Srbija u grupi D, sa Belorusijom, Belgijom i Rusijom.<\/p>\n<p><b>Raspored utakmica i rezultati &#8211; <\/b><b><a href=\"http:\/\/savremenisport.com\/sportski-kalendar\/1991\/evropsko-prvenstvo-u-kosarci-za-zene-2019\">Evropsko prvenstvo u ko\u0161arci za \u017eene 2019<\/a>:<\/b><\/p>\n<p><b>Takmi\u010denje po grupama<\/b><\/p>\n<p><b>Grupa A<\/b><\/p>\n<p>27.06.2019. &#8211; Ukrajna &#8211; \u0160panija<\/p>\n<p>27.06.2019. &#8211; Velika Britanija &#8211; Letonija<\/p>\n<p>28.06.2019. &#8211; Letonija &#8211; Ukrajna<\/p>\n<p>28.06.2019. &#8211; \u0160panija &#8211; Velika Britanija<\/p>\n<p>30.06.2019. &#8211; Ukrajna &#8211; Velika Britanija<\/p>\n<p>30.06.2019. &#8211; Letonija &#8211; \u0160panija<\/p>\n<p><b>Grupa B<\/b><\/p>\n<p>27.06.2019. &#8211; \u0160vedska &#8211; Crna Gora<\/p>\n<p>27.06.2019. &#8211; Francuska &#8211; \u010ce\u0161ka Republika<\/p>\n<p>28.06.2019. &#8211; \u010ce\u0161ka Republika &#8211; \u0160vedska<\/p>\n<p>28.06.2019. &#8211; Crna Gora &#8211; Francuska<\/p>\n<p>30.06.2019. &#8211; \u0160vedska &#8211; Francuska<\/p>\n<p>30.06.2019. &#8211; \u010ce\u0161ka Republika &#8211; Crna Gora<\/p>\n<p><b>Grupa C<\/b><\/p>\n<p><strong>27.06.2019. &#8211; Ma\u0111arska &#8211; Slovenija<\/strong><\/p>\n<p>27.06.2019. &#8211; Turska &#8211; Italija<\/p>\n<p>28.06.2019. &#8211; Italija &#8211; Ma\u0111arska<\/p>\n<p><strong>28.06.2019. &#8211; Slovenija &#8211; Turska<\/strong><\/p>\n<p>30.06.2019. &#8211; Ma\u0111arska &#8211; Turska<\/p>\n<p><strong>30.06.2019. &#8211; Italija &#8211; Slovenija<\/strong><\/p>\n<p><b>Grupa D<\/b><\/p>\n<p>27.06.2019. &#8211; <b>Belorusija &#8211; Srbija<\/b><\/p>\n<p>27.06.2019. &#8211; Rusija &#8211; Belgija<\/p>\n<p>28.06.2019. &#8211; Belgija &#8211; Belorusija<\/p>\n<p>28.06.2019. &#8211; <b>Srbija &#8211; Rusija<\/b><\/p>\n<p>30.06.2019. &#8211; Belorusija &#8211; Rusija<\/p>\n<p>30.06.2019. &#8211; <b>Belgija &#8211; Srbija<\/b><\/p>\n<ol>\n<li>&#8211; 02.07.2019. &#8211; Doigravanje za \u010detvrtfinale<\/li>\n<\/ol>\n<p>04.07.2019. &#8211; \u010cetvrtfinale<\/p>\n<p>06.07.2019. &#8211; Polufinale<\/p>\n<p>07.07.2019. &#8211; Utakmica za tre\u0107e mesto<\/p>\n<p>07.07.2019. &#8211; Finale<\/p>\n<blockquote>\n<h1 style=\"text-align: left;\"><span style=\"font-size: small;\">\u00a0\u00a0\u00a0\u00a0\u00a0\u00a0\u00a0\u00a0\u00a0\u00a0\u00a0\u00a0\u00a0\u00a0\u00a0\u00a0\u00a0\u00a0\u00a0\u00a0\u00a0\u00a0\u00a0\u00a0\u00a0\u00a0\u00a0\u00a0\u00a0\u00a0\u00a0\u00a0\u00a0\u00a0\u00a0\u00a0\u00a0\u00a0\u00a0\u00a0\u00a0\u00a0\u00a0\u00a0\u00a0\u00a0\u00a0\u00a0\u00a0\u00a0\u00a0 FIBA i organizator su odredili slede\u0107e cene ulaznica:<\/span><\/h1>\n<h1 style=\"text-align: left;\"><span style=\"font-size: small;\">\u00a0\u00a0\u00a0\u00a0\u00a0\u00a0\u00a0\u00a0\u00a0\u00a0\u00a0\u00a0\u00a0\u00a0\u00a0\u00a0\u00a0\u00a0\u00a0\u00a0\u00a0\u00a0\u00a0\u00a0\u00a0\u00a0\u00a0\u00a0\u00a0\u00a0\u00a0\u00a0\u00a0\u00a0\u00a0\u00a0\u00a0\u00a0\u00a0\u00a0\u00a0\u00a0\u00a0\u00a0\u00a0\u00a0\u00a0\u00a0\u00a0\u00a0\u00a0\u00a0\u00a0\u00a0\u00a0\u00a0\u00a0\u00a0\u00a0\u00a0\u00a0\u00a0\u00a0\u00a0\u00a0\u00a0\u00a0\u00a0\u00a0\u00a0\u00a0\u00a0\u00a0\u00a0\u00a0\u00a0\u00a0\u00a0\u00a0\u00a0\u00a0\u00a0\u00a0\u00a0\u00a0\u00a0\u00a0\u00a0\u00a0\u00a0\u00a0\u00a0\u00a0\u00a0\u00a0 NI\u0160 \u2013 hala\u00a0 \u201e\u010cair\u201c<\/span><\/h1>\n<ul>\n<li dir=\"ltr\" style=\"text-align: left;\">\n<h1 dir=\"ltr\"><span style=\"font-size: small;\">Kategorija 1: dnevna ulaznica 1.100 dinara, komplet za takmi\u010denje u grupi 3.000 dinara.<\/span><\/h1>\n<\/li>\n<li dir=\"ltr\">\n<h1 dir=\"ltr\" style=\"text-align: left;\"><span style=\"font-size: small;\">Kategorija 2: dnevna ulaznica 600 dinara, komplet za takmi\u010denje u grupi 1.600 dinara.<\/span><\/h1>\n<\/li>\n<\/ul>\n<\/blockquote>\n<p>\u00a0<\/p>\n\n\n<p>Pi\u0161e: Olivera Sa\u0161ek Radulovi\u0107<\/p>\n","protected":false},"excerpt":{"rendered":"<p>\u0160irom Slovenije osvanuli su\u00a0 plakati\u00a0 sa porukom na slovena\u010dkom jeziku \u201cNi\u0161 nas ne ustavi\u201d &#8211; &#8220;ni\u0161ta nas ne\u0107e zaustaviti&#8221;, a odnosi se na predstoje\u0107e 37. Evropsko prvenstvo u ko\u0161arci za \u017eene, \u010dije se kvalifikacije odr\u017eavaju od 27. -30. juna u hali &#8220;\u010cair&#8221; u Ni\u0161u. Na ovom bilbodu upotrebljena je dobra igra re\u010di,\u00a0 jer \u201cni\u0161\u201d u [&hellip;]<\/p>\n","protected":false},"author":11,"featured_media":1264,"comment_status":"closed","ping_status":"open","sticky":false,"template":"","format":"standard","meta":[],"categories":[6],"tags":[185,188,186,187,64],"_links":{"self":[{"href":"https:\/\/www.sksfrancepresernnis.org.rs\/index.php\/wp-json\/wp\/v2\/posts\/1263"}],"collection":[{"href":"https:\/\/www.sksfrancepresernnis.org.rs\/index.php\/wp-json\/wp\/v2\/posts"}],"about":[{"href":"https:\/\/www.sksfrancepresernnis.org.rs\/index.php\/wp-json\/wp\/v2\/types\/post"}],"author":[{"embeddable":true,"href":"https:\/\/www.sksfrancepresernnis.org.rs\/index.php\/wp-json\/wp\/v2\/users\/11"}],"replies":[{"embeddable":true,"href":"https:\/\/www.sksfrancepresernnis.org.rs\/index.php\/wp-json\/wp\/v2\/comments?post=1263"}],"version-history":[{"count":5,"href":"https:\/\/www.sksfrancepresernnis.org.rs\/index.php\/wp-json\/wp\/v2\/posts\/1263\/revisions"}],"predecessor-version":[{"id":1484,"href":"https:\/\/www.sksfrancepresernnis.org.rs\/index.php\/wp-json\/wp\/v2\/posts\/1263\/revisions\/1484"}],"wp:featuredmedia":[{"embeddable":true,"href":"https:\/\/www.sksfrancepresernnis.org.rs\/index.php\/wp-json\/wp\/v2\/media\/1264"}],"wp:attachment":[{"href":"https:\/\/www.sksfrancepresernnis.org.rs\/index.php\/wp-json\/wp\/v2\/media?parent=1263"}],"wp:term":[{"taxonomy":"category","embeddable":true,"href":"https:\/\/www.sksfrancepresernnis.org.rs\/index.php\/wp-json\/wp\/v2\/categories?post=1263"},{"taxonomy":"post_tag","embeddable":true,"href":"https:\/\/www.sksfrancepresernnis.org.rs\/index.php\/wp-json\/wp\/v2\/tags?post=1263"}],"curies":[{"name":"wp","href":"https:\/\/api.w.org\/{rel}","templated":true}]}}