{"id":1172,"date":"2018-11-30T23:09:38","date_gmt":"2018-11-30T22:09:38","guid":{"rendered":"https:\/\/www.sksfrancepresernnis.org.rs\/?p=1172"},"modified":"2018-12-18T23:28:27","modified_gmt":"2018-12-18T22:28:27","slug":"pisem-berem-risem-2018","status":"publish","type":"post","link":"https:\/\/www.sksfrancepresernnis.org.rs\/index.php\/2018\/11\/30\/pisem-berem-risem-2018\/","title":{"rendered":"Pi\u0161em, berem, ri\u0161em 2018"},"content":{"rendered":"<p>U novembru iz \u0161tampe je iza\u0161la publikacija autora Ljubi\u0161e \u017dabara, kroz koju su promovisane aktivnosti i radovi dece iz slovena\u010dkih dru\u0161tava sa teritorije Republike Srbije. U izradi ovog reprezentativnog izdanja u\u010destvovale su u\u010diteljice pouka sloven\u0161\u010dine Tatjana Bukvi\u010d, Rut Zlobec i Milena Spremo,\u00a0 izdava\u010d je, sada ve\u0107 tradicionalno, SKS \u201eFrance Pre\u0161eren\u201c, a projekt je podr\u017eao Urad Republike Slovenije.<\/p>\n<p>Ovogodi\u0161nje izdanje sadr\u017ei de\u010dje tekstove, na prvoj strani mo\u017ee se pro\u010ditati zanimljiva pri\u010da, koju je scenaristka Sta\u0161a Petkovi\u0107 nazvala komedijom i trilerom. Ova pri\u010da nastala je v Poletni \u0161oli slovenskega jezika v Ljubljani, a Sta\u0161a Petkovi\u0107 je pridobila \u0161tipendijo za obiskovanje \u0161ole jezika za mlade.<\/p>\n<p><img decoding=\"async\" loading=\"lazy\" class=\"alignnone wp-image-1176 size-full\" src=\"https:\/\/www.sksfrancepresernnis.org.rs\/wp-content\/uploads\/2018\/12\/3-4.jpg\" alt=\"\" width=\"1848\" height=\"1135\" srcset=\"https:\/\/www.sksfrancepresernnis.org.rs\/wp-content\/uploads\/2018\/12\/3-4.jpg 1848w, https:\/\/www.sksfrancepresernnis.org.rs\/wp-content\/uploads\/2018\/12\/3-4-300x184.jpg 300w, https:\/\/www.sksfrancepresernnis.org.rs\/wp-content\/uploads\/2018\/12\/3-4-768x472.jpg 768w, https:\/\/www.sksfrancepresernnis.org.rs\/wp-content\/uploads\/2018\/12\/3-4-1024x629.jpg 1024w\" sizes=\"(max-width: 1848px) 100vw, 1848px\" \/><\/p>\n<p>Deca iz Kovina bavila su se d\u017eavnim simbolima Slovenije, zastavom i grbom i to sve kroz likovne radove.<\/p>\n<p><img decoding=\"async\" loading=\"lazy\" class=\"alignnone wp-image-1174 size-full\" src=\"https:\/\/www.sksfrancepresernnis.org.rs\/wp-content\/uploads\/2018\/12\/1-2.jpg\" alt=\"\" width=\"2048\" height=\"1152\" srcset=\"https:\/\/www.sksfrancepresernnis.org.rs\/wp-content\/uploads\/2018\/12\/1-2.jpg 2048w, https:\/\/www.sksfrancepresernnis.org.rs\/wp-content\/uploads\/2018\/12\/1-2-300x169.jpg 300w, https:\/\/www.sksfrancepresernnis.org.rs\/wp-content\/uploads\/2018\/12\/1-2-768x432.jpg 768w, https:\/\/www.sksfrancepresernnis.org.rs\/wp-content\/uploads\/2018\/12\/1-2-1024x576.jpg 1024w\" sizes=\"(max-width: 2048px) 100vw, 2048px\" \/><\/p>\n<p>U ovogodi\u0161njem izdanju \u201ePi\u0161em, berem, ri\u0161em&#8221;,\u00a0 nalazi se i originalni recept za slovensku poticu, tradicionalni kola\u010d, koji je pripredio Milan Gori\u0161ek, a deca su crtala Triglav i na daleko \u010duvene slovenske konje lipicanere.<\/p>\n<p><img decoding=\"async\" loading=\"lazy\" class=\"alignnone wp-image-1175 size-full\" src=\"https:\/\/www.sksfrancepresernnis.org.rs\/wp-content\/uploads\/2018\/12\/2-2.jpg\" alt=\"\" width=\"2048\" height=\"1152\" srcset=\"https:\/\/www.sksfrancepresernnis.org.rs\/wp-content\/uploads\/2018\/12\/2-2.jpg 2048w, https:\/\/www.sksfrancepresernnis.org.rs\/wp-content\/uploads\/2018\/12\/2-2-300x169.jpg 300w, https:\/\/www.sksfrancepresernnis.org.rs\/wp-content\/uploads\/2018\/12\/2-2-768x432.jpg 768w, https:\/\/www.sksfrancepresernnis.org.rs\/wp-content\/uploads\/2018\/12\/2-2-1024x576.jpg 1024w\" sizes=\"(max-width: 2048px) 100vw, 2048px\" \/><\/p>\n<p>Lea Novak pisala je o Velikoj No\u010di, a kroz No\u0107 knjige, u\u010denici dop. pouka iz Ni\u0161a, Kovina, Beograda, Gudurice, Novog Sada i Rume prisetili su se Ivana Cankara, velikog slovenskog knji\u017eevnika i narodnog tribuna, jer se ove godine, 11. decembra navr\u0161ilo stotinu godina od njegove smrti. Ovo je tek deli\u0107 opisa de\u010djih radova, literarnih i likovnih koji su se na\u0161li u ovogodi\u0161njem izdanju, uz mno\u0161tvo fotografija sa zajedni\u010dkih dru\u017eenja i sve to \u00a0na 34 stranice. \u010cestitamo deci, autoru i u\u010diteljicama koje su pomogale da \u201ePi\u0161em, berem, ri\u0161em\u201c za 2018. godinu bude ovako raznolik i uspe\u0161an.<\/p>\n<p>Olivera Sa\u0161ek Radulovi\u0107<\/p>\n","protected":false},"excerpt":{"rendered":"<p>U novembru iz \u0161tampe je iza\u0161la publikacija autora Ljubi\u0161e \u017dabara, kroz koju su promovisane aktivnosti i radovi dece iz slovena\u010dkih dru\u0161tava sa teritorije Republike Srbije. U izradi ovog reprezentativnog izdanja u\u010destvovale su u\u010diteljice pouka sloven\u0161\u010dine Tatjana Bukvi\u010d, Rut Zlobec i Milena Spremo,\u00a0 izdava\u010d je, sada ve\u0107 tradicionalno, SKS \u201eFrance Pre\u0161eren\u201c, a projekt je podr\u017eao Urad [&hellip;]<\/p>\n","protected":false},"author":11,"featured_media":1173,"comment_status":"closed","ping_status":"open","sticky":false,"template":"","format":"standard","meta":[],"categories":[6],"tags":[93,99,98,92,94,97,96],"_links":{"self":[{"href":"https:\/\/www.sksfrancepresernnis.org.rs\/index.php\/wp-json\/wp\/v2\/posts\/1172"}],"collection":[{"href":"https:\/\/www.sksfrancepresernnis.org.rs\/index.php\/wp-json\/wp\/v2\/posts"}],"about":[{"href":"https:\/\/www.sksfrancepresernnis.org.rs\/index.php\/wp-json\/wp\/v2\/types\/post"}],"author":[{"embeddable":true,"href":"https:\/\/www.sksfrancepresernnis.org.rs\/index.php\/wp-json\/wp\/v2\/users\/11"}],"replies":[{"embeddable":true,"href":"https:\/\/www.sksfrancepresernnis.org.rs\/index.php\/wp-json\/wp\/v2\/comments?post=1172"}],"version-history":[{"count":4,"href":"https:\/\/www.sksfrancepresernnis.org.rs\/index.php\/wp-json\/wp\/v2\/posts\/1172\/revisions"}],"predecessor-version":[{"id":1180,"href":"https:\/\/www.sksfrancepresernnis.org.rs\/index.php\/wp-json\/wp\/v2\/posts\/1172\/revisions\/1180"}],"wp:featuredmedia":[{"embeddable":true,"href":"https:\/\/www.sksfrancepresernnis.org.rs\/index.php\/wp-json\/wp\/v2\/media\/1173"}],"wp:attachment":[{"href":"https:\/\/www.sksfrancepresernnis.org.rs\/index.php\/wp-json\/wp\/v2\/media?parent=1172"}],"wp:term":[{"taxonomy":"category","embeddable":true,"href":"https:\/\/www.sksfrancepresernnis.org.rs\/index.php\/wp-json\/wp\/v2\/categories?post=1172"},{"taxonomy":"post_tag","embeddable":true,"href":"https:\/\/www.sksfrancepresernnis.org.rs\/index.php\/wp-json\/wp\/v2\/tags?post=1172"}],"curies":[{"name":"wp","href":"https:\/\/api.w.org\/{rel}","templated":true}]}}