{"id":1137,"date":"2018-06-20T21:27:47","date_gmt":"2018-06-20T19:27:47","guid":{"rendered":"https:\/\/www.sksfrancepresernnis.org.rs\/?p=1137"},"modified":"2018-12-21T18:27:45","modified_gmt":"2018-12-21T17:27:45","slug":"dobrodosli-doma-2018","status":"publish","type":"post","link":"https:\/\/www.sksfrancepresernnis.org.rs\/index.php\/2018\/06\/20\/dobrodosli-doma-2018\/","title":{"rendered":"DOBRODO\u0160LI DOMA 2018"},"content":{"rendered":"<p>16. juna 2018. godine op\u0161tina Bre\u017eice bila je doma\u0107im 8. po redu, tradicionalnog skupa, &#8220;Dobrodo\u0161li doma&#8221; koji svake godine organizuje Urad Vlade Republike Slovenije za Slovence u zamejstvu in po svetu. Pored Bre\u017eica u ovogodi\u0161njem programu u\u010destvovale su i okolne op\u0161tine koje su predstavile svoja dru\u0161tva i lokalne znamenitosti.<\/p>\n<p>Kao predstavnik Slovenske kulturne skupnosti (SKS) \u201eFrance Pre\u0161eren\u201c iz Ni\u0161a, imao sam \u010dast da u\u010destvujem u ovogodi\u0161njem okupljanju. Za nas je program po\u010deo u mestu Pi\u0161ece gde je u lokalnoj \u0161koli organizovan kulturno-umetni\u010dki program na kome su se predstavila lokalna dru\u0161tva. Po zavr\u0161etku zvani\u010dnog programa oranizovan je obilazak znamenitosti, medju kojima je bila i poseta ku\u0107i Maksa Pleter\u0161nika, \u010duvenog slovena\u010dkog reformatora i autora prvog re\u010dnika sa akcentima u Evropi, koji je upravo iz Pi\u0161eca rodom.<\/p>\n<p>Centralna proslava odr\u017eana je u popodnevnim \u010dasovima u prelepom ambijentu dvori\u0161ta tvrdjave u samom centru Bre\u017eica gde se okupilo vi\u0161e od 400 Slovenaca iz svih krajeva Evrope i sveta. U\u010de\u0161\u0107e su uzela mnoga dru\u0161tva sa svojim folklornim i plesnim grupama i horovima. Na samom po\u010detku programa okupljenima se obratio ministar Gora\u017ed \u017dmavc pozdravnim govorom i nakon \u0161to je po\u017eeleo svima dobrodo\u0161licu i ugodan boravak u Bre\u017eicama manifestacija je kona\u010dno mogla da po\u010dne. Nastupe velikog broja dru\u0161tava okupljeni su pratili sa odu\u0161evljenjem i u\u017eivali u odli\u010dno organizovanim izvedbama.<\/p>\n<div id='gallery-1' class='gallery galleryid-1137 gallery-columns-5 gallery-size-full'><figure class='gallery-item'>\n\t\t\t<div class='gallery-icon landscape'>\n\t\t\t\t<a href='https:\/\/www.sksfrancepresernnis.org.rs\/index.php\/2018\/06\/20\/dobrodosli-doma-2018\/1-5\/'><img width=\"1313\" height=\"875\" src=\"https:\/\/www.sksfrancepresernnis.org.rs\/wp-content\/uploads\/2018\/12\/1.jpg\" class=\"attachment-full size-full\" alt=\"\" decoding=\"async\" loading=\"lazy\" srcset=\"https:\/\/www.sksfrancepresernnis.org.rs\/wp-content\/uploads\/2018\/12\/1.jpg 1313w, https:\/\/www.sksfrancepresernnis.org.rs\/wp-content\/uploads\/2018\/12\/1-300x200.jpg 300w, https:\/\/www.sksfrancepresernnis.org.rs\/wp-content\/uploads\/2018\/12\/1-768x512.jpg 768w, https:\/\/www.sksfrancepresernnis.org.rs\/wp-content\/uploads\/2018\/12\/1-1024x682.jpg 1024w, https:\/\/www.sksfrancepresernnis.org.rs\/wp-content\/uploads\/2018\/12\/1-330x220.jpg 330w\" sizes=\"(max-width: 1313px) 100vw, 1313px\" \/><\/a>\n\t\t\t<\/div><\/figure><figure class='gallery-item'>\n\t\t\t<div class='gallery-icon landscape'>\n\t\t\t\t<a href='https:\/\/www.sksfrancepresernnis.org.rs\/index.php\/2018\/06\/20\/dobrodosli-doma-2018\/2-5\/'><img width=\"1313\" height=\"875\" src=\"https:\/\/www.sksfrancepresernnis.org.rs\/wp-content\/uploads\/2018\/12\/2.jpg\" class=\"attachment-full size-full\" alt=\"\" decoding=\"async\" loading=\"lazy\" srcset=\"https:\/\/www.sksfrancepresernnis.org.rs\/wp-content\/uploads\/2018\/12\/2.jpg 1313w, https:\/\/www.sksfrancepresernnis.org.rs\/wp-content\/uploads\/2018\/12\/2-300x200.jpg 300w, https:\/\/www.sksfrancepresernnis.org.rs\/wp-content\/uploads\/2018\/12\/2-768x512.jpg 768w, https:\/\/www.sksfrancepresernnis.org.rs\/wp-content\/uploads\/2018\/12\/2-1024x682.jpg 1024w, https:\/\/www.sksfrancepresernnis.org.rs\/wp-content\/uploads\/2018\/12\/2-330x220.jpg 330w\" sizes=\"(max-width: 1313px) 100vw, 1313px\" \/><\/a>\n\t\t\t<\/div><\/figure><figure class='gallery-item'>\n\t\t\t<div class='gallery-icon landscape'>\n\t\t\t\t<a href='https:\/\/www.sksfrancepresernnis.org.rs\/index.php\/2018\/06\/20\/dobrodosli-doma-2018\/3-7\/'><img width=\"1313\" height=\"875\" src=\"https:\/\/www.sksfrancepresernnis.org.rs\/wp-content\/uploads\/2018\/12\/3-1.jpg\" class=\"attachment-full size-full\" alt=\"\" decoding=\"async\" loading=\"lazy\" srcset=\"https:\/\/www.sksfrancepresernnis.org.rs\/wp-content\/uploads\/2018\/12\/3-1.jpg 1313w, https:\/\/www.sksfrancepresernnis.org.rs\/wp-content\/uploads\/2018\/12\/3-1-300x200.jpg 300w, https:\/\/www.sksfrancepresernnis.org.rs\/wp-content\/uploads\/2018\/12\/3-1-768x512.jpg 768w, https:\/\/www.sksfrancepresernnis.org.rs\/wp-content\/uploads\/2018\/12\/3-1-1024x682.jpg 1024w, https:\/\/www.sksfrancepresernnis.org.rs\/wp-content\/uploads\/2018\/12\/3-1-330x220.jpg 330w\" sizes=\"(max-width: 1313px) 100vw, 1313px\" \/><\/a>\n\t\t\t<\/div><\/figure><figure class='gallery-item'>\n\t\t\t<div class='gallery-icon landscape'>\n\t\t\t\t<a href='https:\/\/www.sksfrancepresernnis.org.rs\/index.php\/2018\/06\/20\/dobrodosli-doma-2018\/4-5\/'><img width=\"1313\" height=\"875\" src=\"https:\/\/www.sksfrancepresernnis.org.rs\/wp-content\/uploads\/2018\/12\/4.jpg\" class=\"attachment-full size-full\" alt=\"\" decoding=\"async\" loading=\"lazy\" srcset=\"https:\/\/www.sksfrancepresernnis.org.rs\/wp-content\/uploads\/2018\/12\/4.jpg 1313w, https:\/\/www.sksfrancepresernnis.org.rs\/wp-content\/uploads\/2018\/12\/4-300x200.jpg 300w, https:\/\/www.sksfrancepresernnis.org.rs\/wp-content\/uploads\/2018\/12\/4-768x512.jpg 768w, https:\/\/www.sksfrancepresernnis.org.rs\/wp-content\/uploads\/2018\/12\/4-1024x682.jpg 1024w, https:\/\/www.sksfrancepresernnis.org.rs\/wp-content\/uploads\/2018\/12\/4-330x220.jpg 330w\" sizes=\"(max-width: 1313px) 100vw, 1313px\" \/><\/a>\n\t\t\t<\/div><\/figure><figure class='gallery-item'>\n\t\t\t<div class='gallery-icon landscape'>\n\t\t\t\t<a href='https:\/\/www.sksfrancepresernnis.org.rs\/index.php\/2018\/06\/20\/dobrodosli-doma-2018\/5-4\/'><img width=\"1313\" height=\"875\" src=\"https:\/\/www.sksfrancepresernnis.org.rs\/wp-content\/uploads\/2018\/12\/5.jpg\" class=\"attachment-full size-full\" alt=\"\" decoding=\"async\" loading=\"lazy\" srcset=\"https:\/\/www.sksfrancepresernnis.org.rs\/wp-content\/uploads\/2018\/12\/5.jpg 1313w, https:\/\/www.sksfrancepresernnis.org.rs\/wp-content\/uploads\/2018\/12\/5-300x200.jpg 300w, https:\/\/www.sksfrancepresernnis.org.rs\/wp-content\/uploads\/2018\/12\/5-768x512.jpg 768w, https:\/\/www.sksfrancepresernnis.org.rs\/wp-content\/uploads\/2018\/12\/5-1024x682.jpg 1024w, https:\/\/www.sksfrancepresernnis.org.rs\/wp-content\/uploads\/2018\/12\/5-330x220.jpg 330w\" sizes=\"(max-width: 1313px) 100vw, 1313px\" \/><\/a>\n\t\t\t<\/div><\/figure>\n\t\t<\/div>\n\n<p>Za vreme trajanja nastupa, u tvrdjavi Bre\u017ei\u0161kog starog grada bilo je otvoreno vi\u0161e izlo\u017ebi koje su posetioci u svakom trenutku mogli da pogledaju.<br \/>\nU ve\u010dernjim satima u prelepoj Vite\u0161koj dvorani Bre\u017ei\u0161ke tvrdjave bio je organizvan koncert u\u010denika muzi\u010dke \u0161kole Bre\u017eice i njihovih vr\u0161njaka iz muzi\u010dke \u0161kole Samobor. Svi prisutni bili su pod utiskom neverovatnog ambijenta u Vite\u0161koj dvorani, kao i odli\u010dnim nastupom u\u010denika.<br \/>\nDru\u017eenje Slovenaca nastavljeno je i u kasnijim ve\u010dernjim satima na nekoliko lokacija u Bre\u017eicama. Opcije su bile raznovrsne i svako je mogao da pronadje ne\u0161to po svom ukusu. Projekcije filmova, koncerti u lokalnim klubovima, sve u svemu dru\u017eenje i kvalitetna zabava.<\/p>\n<p>Dobrodo\u0161li doma je vrlo zna\u010dajna manifestacija koja okuplja veliki broj dru\u0161tava i veliko broj Slovenaca koji \u017eive i rade \u0161irom sveta. U tom smislu je i jedinstvena. Ja sam ove godine prvi put imao tu \u010dast da do\u017eivim deo tog ambijenta i istinski sam ipresioniran i organizacijom i celokupnim programom. Za mene je ova poseta imala i radni karakter. Iskoristio sam priliku da sa prijateljima iz brojnih udru\u017eenja kako u Srbiji i regionu, tako i \u0161ire razmenim iskustva, da predstavim SKS \u201eFrance Pre\u0161eren\u201c iz Ni\u0161a i projekte koje svake godine realizuje, ali i da \u010dujem i vidim kako i \u0161ta rade druga Slovena\u010dka udru\u017eenja \u0161irom sveta. Takodje, bila je to prilika da se susretnem sa predstavnicima Urada Vlade Republike Slovenije za Slovence u zamejstvu in po svetu i da im prenesem stanje stvari v Ni\u0161u, kao i ono \u0161ta nas \u010deka do kraja teku\u0107e godine.<\/p>\n<p>Posebno va\u017ean momenat za mene bio je intervju koji sam dao za RTV Slovenije, za radijsku emisiju \u201eSlovenci po svetu\u201c i u kome sam govorio i o udru\u017eenju iz koga dolazim, ali i o \u017eivotu Slovenaca na podru\u010dju grada Ni\u0161a i okoline.<\/p>\n<p>Marko Levec<\/p>\n<p><strong>DOBRODO\u0160LI DOMA<\/strong><\/p>\n<p>Gostitelj leto\u0161njega sre\u010danja Slovencev po svetu je bila ob\u010dina Bre\u017eice. 16. junija 2018 je bila to \u017ee osma tradicionalna prireditev, ki jo vsako leto pripravlja Urad Vlade Republike Slovenije za Slovence v zamejstvu in po svetu. Poleg Bre\u017eic so na prireditvi sodelovale ob\u010dine iz bli\u017enje okolice, ki so predstavile svoje aktivnosti in znamenitosti.<\/p>\n<p>Imel sem \u010dast, da se kot predstavnik SKS France Pre\u0161eren udele\u017eim leto\u0161njega zbora. Program se je za predstavnike pri\u010del v Pi\u0161ecah, kjer je bil v osnovni \u0161oli pripravljen kulturni program, na katerem so se predstavila lokalna dru\u0161tva. Po kon\u010danju uradnega dela dru\u017eenja smo nadaljevali z ogledom znamenitosti kraja. Med drugim smo si ogledali rojstno hi\u0161o Maksa Pleter\u0161nika, znanega slovenskega jezikoslovca in slovaropisca, avtorja prvega slovensko-nem\u0161kega\u00a0 slovarja. V njem so zapisane besede z oznako za naglas.<\/p>\n<p>Centralna prireditev je bila organizirana v popoldanskem \u010dasu. Odvijala se je v lepem ambientu dvori\u0161\u010da trdnjave v centru Bre\u017eic. Udele\u017eilo se je je preko 400 Slovencev iz vseh krajev Evrope in sveta. Prireditve so se udele\u017eile mnoge skupnosti s svojimi plesnimi, glasbenimi in pevskimi nastopi. Na za\u010detku prireditve je s pozdravno besedo vse prisotne nagovoril minister Gorazd \u017dmavc. Udele\u017eenci so lahko u\u017eivali v bogatem programu in dru\u017eenju ter se navdu\u0161evali nad odli\u010dno izpeljanimi nastopi.<\/p>\n<p>V \u010dasu dru\u017eenja so si obiskovalci lahko ogledali ve\u010d razstav, ki so krasile grajsko dvori\u0161\u010de.<\/p>\n<p>V ve\u010dernih urah je v vite\u0161ki dvorani gradu tekel glasbeni nastop u\u010dencev Glasbene \u0161ole Bre\u017eice in njihovih vrstnikov iz Samobora. Prisotni so bili navdu\u0161eni nad izvedbo mladih umetnikov in akusti\u010dnim ambientom.<\/p>\n<p>Za predstavnike Dru\u0161tev Slovencev je bilo v ve\u010dernih urah poskrbljeno na razli\u010dnih lokacija z razli\u010dnim programom. Vsakdo je lahko zase na\u0161el nekaj, kar ga je pritegnilo: projekcije filmov, koncerti v lokalnih klubih. Vse v ciju dru\u017eenja in kvalitetne zabave.<\/p>\n<p>Dobrodo\u0161li doma je pomembna manifestacija, saj se na njej zbere veliko Slovencev, ki \u017eivijo in delajo v tujini. V tem smislu je tudi edinstvena. Jaz sem se je to leto udele\u017eil prvi\u010d. Resni\u010dno sem navdu\u0161en nad\u00a0 organizacijo in programom. Za mene je udele\u017eba imela tudi delovni zna\u010daj. Izkoristil sem prilo\u017enost in se dru\u017eil s prijatelji iz skupnosti po Srbiji in \u0161ir\u0161e, z njimi sem podelil izku\u0161nje, se posvetoval, predstavil SKS France Pre\u0161eren, na\u0161e projekte, te\u017eave. Spoznal sem mnogo novih ljudi, ki imajo enake cilje, kot na\u0161a skupnost. Navezal sem stike s predstavniki Urada za Slovence v zamejstvu in po svetu in tudi njim predstavil na\u0161e na\u010drte in delovanje.<\/p>\n<p>Posebno va\u017een je zame bil intervju za RTV Slovenija, za radijsko oddajo Slovenci po svetu. V njem sem govoril o skupnosti, iz katere prihajam, in o \u017eivljenju Slovenca iz Ni\u0161a.<\/p>\n<p>Marko Levec<\/p>\n<p>Prevod: Tatjana Bukvi\u010d<\/p>\n<p>&nbsp;<\/p>\n","protected":false},"excerpt":{"rendered":"<p>16. juna 2018. godine op\u0161tina Bre\u017eice bila je doma\u0107im 8. po redu, tradicionalnog skupa, &#8220;Dobrodo\u0161li doma&#8221; koji svake godine organizuje Urad Vlade Republike Slovenije za Slovence u zamejstvu in po svetu. Pored Bre\u017eica u ovogodi\u0161njem programu u\u010destvovale su i okolne op\u0161tine koje su predstavile svoja dru\u0161tva i lokalne znamenitosti. Kao predstavnik Slovenske kulturne skupnosti (SKS) [&hellip;]<\/p>\n","protected":false},"author":10,"featured_media":1138,"comment_status":"closed","ping_status":"open","sticky":false,"template":"","format":"standard","meta":[],"categories":[6],"tags":[],"_links":{"self":[{"href":"https:\/\/www.sksfrancepresernnis.org.rs\/index.php\/wp-json\/wp\/v2\/posts\/1137"}],"collection":[{"href":"https:\/\/www.sksfrancepresernnis.org.rs\/index.php\/wp-json\/wp\/v2\/posts"}],"about":[{"href":"https:\/\/www.sksfrancepresernnis.org.rs\/index.php\/wp-json\/wp\/v2\/types\/post"}],"author":[{"embeddable":true,"href":"https:\/\/www.sksfrancepresernnis.org.rs\/index.php\/wp-json\/wp\/v2\/users\/10"}],"replies":[{"embeddable":true,"href":"https:\/\/www.sksfrancepresernnis.org.rs\/index.php\/wp-json\/wp\/v2\/comments?post=1137"}],"version-history":[{"count":2,"href":"https:\/\/www.sksfrancepresernnis.org.rs\/index.php\/wp-json\/wp\/v2\/posts\/1137\/revisions"}],"predecessor-version":[{"id":1182,"href":"https:\/\/www.sksfrancepresernnis.org.rs\/index.php\/wp-json\/wp\/v2\/posts\/1137\/revisions\/1182"}],"wp:featuredmedia":[{"embeddable":true,"href":"https:\/\/www.sksfrancepresernnis.org.rs\/index.php\/wp-json\/wp\/v2\/media\/1138"}],"wp:attachment":[{"href":"https:\/\/www.sksfrancepresernnis.org.rs\/index.php\/wp-json\/wp\/v2\/media?parent=1137"}],"wp:term":[{"taxonomy":"category","embeddable":true,"href":"https:\/\/www.sksfrancepresernnis.org.rs\/index.php\/wp-json\/wp\/v2\/categories?post=1137"},{"taxonomy":"post_tag","embeddable":true,"href":"https:\/\/www.sksfrancepresernnis.org.rs\/index.php\/wp-json\/wp\/v2\/tags?post=1137"}],"curies":[{"name":"wp","href":"https:\/\/api.w.org\/{rel}","templated":true}]}}